{"id":183847,"date":"2025-08-29T04:07:16","date_gmt":"2025-08-29T04:07:16","guid":{"rendered":"https:\/\/www.europesays.com\/us\/183847\/"},"modified":"2025-08-29T04:07:16","modified_gmt":"2025-08-29T04:07:16","slug":"freddie-freemans-nerve-issue-keeps-him-out-of-dodgers-lineup","status":"publish","type":"post","link":"https:\/\/www.europesays.com\/us\/183847\/","title":{"rendered":"Freddie Freeman&#8217;s nerve issue keeps him out of Dodgers lineup"},"content":{"rendered":"<p>LOS ANGELES (AP) \u2014 <a class=\"Link AnClick-LinkEnhancement\" data-gtm-enhancement-style=\"LinkEnhancementA\" href=\"https:\/\/apnews.com\/article\/freeman-fried-allstar-game-dodgers-braves-a7525930a1d541b1737a3b1b663320b5\" rel=\"nofollow noopener\" target=\"_blank\">All-Star Freddie Freeman<\/a> was out of the Los Angeles Dodgers lineup on Wednesday because of a nerve issue in his neck.<\/p>\n<p>Manager Dave Roberts said Freeman had a \u201cstinger,\u201d which typically affects a network of nerves extending from the neck into the shoulder and arm.<\/p>\n<p>\u201cIt\u2019s something that is recurring, but it\u2019s been kind of showing itself a little bit the last couple days,\u201d Roberts said. \u201cI think that just giving him a couple days, with the off day tomorrow, he\u2019ll be back on Friday.\u201d<\/p>\n<p>Kik\u00e9 Hern\u00e1ndez was set to start at first base in place of Freeman against the Cincinnati Reds. Hern\u00e1ndez was 2 for 3 with a run scored Tuesday in his first game since July 6, when he went on the injured list.<\/p>\n<p>Freeman was 1 for 4 with a double in the Dodgers\u2019 <a class=\"Link AnClick-LinkEnhancement\" data-gtm-enhancement-style=\"LinkEnhancementA\" href=\"https:\/\/apnews.com\/article\/reds-dodgers-score-fb8f6f759a9f4a037457e053dadcf7ff\" rel=\"nofollow noopener\" target=\"_blank\">6-3 win<\/a> Tuesday. He leads the National League with a .302 average in pursuit of his first career batting title. He\u2019s tied for the league lead in doubles with 34.<\/p>\n<p>Outfielder Alex Call was out of the lineup with a back issue that flared up when he was running the bases Tuesday, Roberts said.<\/p>\n<p>___<\/p>\n<p>AP MLB: <a class=\"Link AnClick-LinkEnhancement\" data-gtm-enhancement-style=\"LinkEnhancementA\" href=\"https:\/\/apnews.com\/hub\/mlb\" rel=\"nofollow noopener\" target=\"_blank\">https:\/\/apnews.com\/hub\/mlb<\/a><\/p>\n","protected":false},"excerpt":{"rendered":"LOS ANGELES (AP) \u2014 All-Star Freddie Freeman was out of the Los Angeles Dodgers lineup on Wednesday because&hellip;\n","protected":false},"author":3,"featured_media":183848,"comment_status":"","ping_status":"","sticky":false,"template":"","format":"standard","meta":{"footnotes":""},"categories":[41],"tags":[69426,591,276,5048,875,6595,6539,2502,1266,1822,1574,1573,62,67,132,68],"class_list":{"0":"post-183847","1":"post","2":"type-post","3":"status-publish","4":"format-standard","5":"has-post-thumbnail","7":"category-mlb","8":"tag-alex-call","9":"tag-baseball","10":"tag-california","11":"tag-cincinnati-reds","12":"tag-dave-roberts","13":"tag-freddie-freeman","14":"tag-kike-hernandez","15":"tag-los-angeles-dodgers","16":"tag-mlb","17":"tag-mlb-baseball","18":"tag-oh-state-wire","19":"tag-ohio","20":"tag-sports","21":"tag-united-states","22":"tag-unitedstates","23":"tag-us"},"share_on_mastodon":{"url":"https:\/\/pubeurope.com\/@us\/115110087607539716","error":""},"_links":{"self":[{"href":"https:\/\/www.europesays.com\/us\/wp-json\/wp\/v2\/posts\/183847","targetHints":{"allow":["GET"]}}],"collection":[{"href":"https:\/\/www.europesays.com\/us\/wp-json\/wp\/v2\/posts"}],"about":[{"href":"https:\/\/www.europesays.com\/us\/wp-json\/wp\/v2\/types\/post"}],"author":[{"embeddable":true,"href":"https:\/\/www.europesays.com\/us\/wp-json\/wp\/v2\/users\/3"}],"replies":[{"embeddable":true,"href":"https:\/\/www.europesays.com\/us\/wp-json\/wp\/v2\/comments?post=183847"}],"version-history":[{"count":0,"href":"https:\/\/www.europesays.com\/us\/wp-json\/wp\/v2\/posts\/183847\/revisions"}],"wp:featuredmedia":[{"embeddable":true,"href":"https:\/\/www.europesays.com\/us\/wp-json\/wp\/v2\/media\/183848"}],"wp:attachment":[{"href":"https:\/\/www.europesays.com\/us\/wp-json\/wp\/v2\/media?parent=183847"}],"wp:term":[{"taxonomy":"category","embeddable":true,"href":"https:\/\/www.europesays.com\/us\/wp-json\/wp\/v2\/categories?post=183847"},{"taxonomy":"post_tag","embeddable":true,"href":"https:\/\/www.europesays.com\/us\/wp-json\/wp\/v2\/tags?post=183847"}],"curies":[{"name":"wp","href":"https:\/\/api.w.org\/{rel}","templated":true}]}}