{"id":184289,"date":"2025-08-29T10:06:12","date_gmt":"2025-08-29T10:06:12","guid":{"rendered":"https:\/\/www.europesays.com\/us\/184289\/"},"modified":"2025-08-29T10:06:12","modified_gmt":"2025-08-29T10:06:12","slug":"unusual-ireland-set-detective-series-filled-with-unexpected-twists-confirms-uk-release-window","status":"publish","type":"post","link":"https:\/\/www.europesays.com\/us\/184289\/","title":{"rendered":"&#8220;Unusual&#8221; Ireland-set detective series filled with &#8220;unexpected twists&#8221; confirms UK release window"},"content":{"rendered":"<p data-journey-content=\"true\" data-node-id=\"1\" class=\"css-jjeyh9 emevuu60\">Ireland-set <a href=\"https:\/\/www.digitalspy.com\/tv\/a65787627\/beck-bbc-crime-drama-swedish-detective-jumps-up-uk-chart\/\" target=\"_blank\" data-vars-ga-outbound-link=\"https:\/\/www.digitalspy.com\/tv\/a65787627\/beck-bbc-crime-drama-swedish-detective-jumps-up-uk-chart\/\" data-vars-ga-ux-element=\"Hyperlink\" data-vars-ga-call-to-action=\"detective\" data-node-id=\"1.1\" class=\"body-link css-1lh7k7j emevuu60\" rel=\"nofollow noopener\">detective<\/a> series Borderline has confirmed a UK release date over a year after its initial premiere.<\/p>\n<p data-journey-content=\"true\" data-node-id=\"3\" class=\"css-jjeyh9 emevuu60\">The <a href=\"https:\/\/www.amazon.co.uk\/gp\/video\/offers?benefitId=mgm&amp;tag=digitalspy.com-21\" target=\"_blank\" rel=\"nofollow noopener\" data-vars-ga-outbound-link=\"https:\/\/www.amazon.co.uk\/gp\/video\/offers?benefitId=mgm\" data-vars-ga-ux-element=\"Hyperlink\" data-vars-ga-call-to-action=\"MGM+\" data-vars-ga-product-id=\"d5873b78-d25b-44b8-84fe-e3370d1caa1f\" data-node-id=\"3.1\" data-href=\"https:\/\/www.amazon.co.uk\/gp\/video\/offers?benefitId=mgm\" data-product-url=\"https:\/\/www.amazon.co.uk\/gp\/video\/offers?benefitId=mgm\" data-affiliate=\"true\" data-affiliate-url=\"https:\/\/www.amazon.co.uk\/gp\/video\/offers?benefitId=mgm&amp;tag=digitalspy.com-21\" data-affiliate-network=\"{&quot;site_id&quot;:&quot;53fd7fa5-d43c-401b-823b-b21cf6cddcd6&quot;,&quot;metadata&quot;:{&quot;links&quot;:{&quot;default&quot;:&quot;https:\/\/www.amazon.co.uk\/gp\/video\/offers?benefitId=mgm&amp;tag=digitalspy.com-21&quot;,&quot;sem&quot;:&quot;https:\/\/www.amazon.co.uk\/gp\/video\/offers?benefitId=mgm&amp;tag=digitalspy.co.uk-lift-21&quot;,&quot;social&quot;:&quot;https:\/\/www.amazon.co.uk\/gp\/video\/offers?benefitId=mgm&amp;tag=digitalspy.co.uk-soc-lift-21&quot;}},&quot;network&quot;:{&quot;name&quot;:&quot;Amazon&quot;},&quot;product_metadata&quot;:null,&quot;afflink_redirect&quot;:&quot;\/_p\/afflink\/xbY4\/amazon-placeholder&quot;}\" data-vars-ga-product-price=\"$0.00\" data-vars-ga-product-retailer-id=\"445db757-8e9d-4378-9036-1c3e61c503ed\" data-vars-ga-link-treatment=\"(not set) | (not set)\" class=\"body-link product-links css-1lh7k7j e1aq0z090\">MGM+<\/a> show is set on the border between the Republic of Ireland and Northern Ireland as a body is discovered, with detectives from either side of the divide working together to solve the case.<\/p>\n<p data-journey-content=\"true\" data-node-id=\"5\" class=\"css-jjeyh9 emevuu60\">&#8220;Forced to collaborate on a serious crime, contrasting detectives Philip Boyd and Aoife Regan, with clashing personalities and backgrounds, overcome initial friction to form an unlikely but formidable crime-fighting partnership,&#8221; the synopsis adds.<\/p>\n<p>What to Read Next<\/p>\n<p data-journey-content=\"true\" data-node-id=\"9\" class=\"css-jjeyh9 emevuu60\">It has now been announced that the show will debut on <a href=\"https:\/\/www.digitalspy.com\/tv\/a60581456\/itvx-premium-free-trial\/\" target=\"_blank\" data-vars-ga-outbound-link=\"https:\/\/www.digitalspy.com\/tv\/a60581456\/itvx-premium-free-trial\/\" data-vars-ga-ux-element=\"Hyperlink\" data-vars-ga-call-to-action=\"ITVX\" data-node-id=\"9.1\" class=\"body-link css-1lh7k7j emevuu60\" rel=\"nofollow noopener\">ITVX<\/a> this <strong data-node-id=\"9.3\">October,<\/strong> with all six episodes dropping in one go. We don&#8217;t quite have all the information, as a firm release date is yet to be confirmed.<\/p>\n<p data-journey-content=\"true\" data-node-id=\"11\" class=\"css-jjeyh9 emevuu60\">Borderline features Merlin&#8217;s Eoin Macken and Small Things like These&#8217;s Amy De Bhr\u00fan as detectives Boyd and Regan respectively, with the pair being joined by Lochlann \u00d3 Mear\u00e1in, Hugh O&#8217;Connor, Charlotte Bradley, Liam Heffernan and Craig McGinlay.<\/p>\n<p><img draggable=\"true\" alt=\"borderline, season 1\" title=\"Borderline, season 1\" loading=\"lazy\" width=\"4000\" height=\"2667\" decoding=\"async\" data-nimg=\"1\" style=\"color:transparent;width:100%;height:auto;\"   src=\"https:\/\/www.europesays.com\/us\/wp-content\/uploads\/2025\/08\/borderline-season-1-68b03c86761b2.jpg\" class=\"css-0 e1g79fud0\"\/><\/p>\n<p>ITV<\/p>\n<p data-journey-content=\"true\" data-node-id=\"14\" class=\"css-jjeyh9 emevuu60\"><strong data-node-id=\"14.0\">Related: <\/strong><a href=\"https:\/\/www.digitalspy.com\/tech\/best-tech-deals\/g35899960\/best-streaming-services\/\" target=\"_blank\" data-vars-ga-outbound-link=\"https:\/\/www.digitalspy.com\/tech\/best-tech-deals\/g35899960\/best-streaming-services\/\" data-vars-ga-ux-element=\"Hyperlink\" data-vars-ga-call-to-action=\"Best streaming services\" data-node-id=\"14.1\" class=\"body-link css-1lh7k7j emevuu60\" rel=\"nofollow noopener\"><strong data-node-id=\"14.1.0\">Best streaming services<\/strong><\/a><\/p>\n<p data-journey-content=\"true\" data-node-id=\"16\" class=\"css-jjeyh9 emevuu60\">The show has received a largely positive reception from fans, with one on <a href=\"https:\/\/www.imdb.com\/title\/tt31249476\/reviews\/?ref_=tt_ururv_sm\" target=\"_blank\" data-vars-ga-outbound-link=\"https:\/\/www.imdb.com\/title\/tt31249476\/reviews\/?ref_=tt_ururv_sm\" data-vars-ga-ux-element=\"Hyperlink\" data-vars-ga-call-to-action=\"IMDb\" data-node-id=\"16.1\" class=\"body-link css-1lh7k7j emevuu60\" rel=\"nofollow noopener\">IMDb<\/a> calling it a &#8220;great new unusual detective series&#8221;, adding: &#8220;There were lots of great unexpected twists in this new series.&#8221;<\/p>\n<p data-journey-content=\"true\" data-node-id=\"18\" class=\"css-jjeyh9 emevuu60\">Another suggested it was a &#8220;well written drama&#8221; that &#8220;deserves to be better known&#8221;, arguing &#8220;it&#8217;s a million miles better than many of the things we have seen on the main channels&#8221;.<\/p>\n<p><img draggable=\"true\" alt=\"borderline, season 1\" title=\"Borderline, season 1\" loading=\"lazy\" width=\"5000\" height=\"2813\" decoding=\"async\" data-nimg=\"1\" style=\"color:transparent;width:100%;height:auto;\"   src=\"https:\/\/www.europesays.com\/us\/wp-content\/uploads\/2025\/08\/borderline-season-one-68b03c866a226.jpg\" class=\"css-0 e1g79fud0\"\/><\/p>\n<p>ITV<\/p>\n<p data-journey-content=\"true\" data-node-id=\"21\" class=\"css-jjeyh9 emevuu60\"><strong data-node-id=\"21.0\">Related: <a href=\"https:\/\/www.digitalspy.com\/tv\/a65918842\/brokenwood-mysteries-season-11-u-streaming\/\" target=\"_blank\" data-vars-ga-outbound-link=\"https:\/\/www.digitalspy.com\/tv\/a65918842\/brokenwood-mysteries-season-11-u-streaming\/\" data-vars-ga-ux-element=\"Hyperlink\" data-vars-ga-call-to-action=\"Don&#039;t miss! Long-running small-town detective drama has just dropped new episodes\" data-node-id=\"21.0.1\" class=\"body-link css-1lh7k7j emevuu60\" rel=\"nofollow noopener\">Don&#8217;t miss! Long-running small-town detective drama has just dropped new episodes<\/a><\/strong><\/p>\n<p data-journey-content=\"true\" data-node-id=\"23\" class=\"css-jjeyh9 emevuu60\">&#8220;The stories are well told and bring in a whole new cast of characters,&#8221; they added. &#8220;We found each one gripping and very different in setting and subject. It kept us all glued to the TV (pretty unusual for our family) and wanting more.&#8221;<\/p>\n<p data-journey-content=\"true\" data-node-id=\"25\" class=\"css-jjeyh9 emevuu60\">A third fan said that it was &#8220;quite bingeable over a couple of days&#8221; and that they &#8220;personally liked it&#8221;.<\/p>\n<p data-journey-content=\"true\" data-node-id=\"27\" class=\"css-jjeyh9 emevuu60\"><strong data-node-id=\"27.0\">Borderline<\/strong><strong data-node-id=\"27.1\"> will debut on ITVX this October.<\/strong><\/p>\n<p data-journey-content=\"true\" data-node-id=\"30\" class=\"css-jjeyh9 emevuu60\"><strong data-node-id=\"30.0\"><strong data-node-id=\"30.0.0\">Digital Spy&#8217;s new print issue is here! Buy <\/strong><a href=\"https:\/\/www.hearstmagazines.co.uk\/special-editions-subscriptions-ll-oasis\" target=\"_blank\" data-vars-ga-outbound-link=\"https:\/\/www.hearstmagazines.co.uk\/special-editions-subscriptions-ll-oasis\" data-vars-ga-ux-element=\"Hyperlink\" data-vars-ga-call-to-action=\"Oasis - Live in &#039;25\" data-node-id=\"30.0.1\" class=\"body-link css-1lh7k7j emevuu60\" rel=\"nofollow noopener\"><strong data-node-id=\"30.0.1.0\">Oasis &#8211; Live in &#8217;25<\/strong><\/a><strong data-node-id=\"30.0.2\"> in newsagents or <\/strong><a href=\"https:\/\/www.hearstmagazines.co.uk\/special-editions-subscriptions-ll-oasis\" target=\"_blank\" data-vars-ga-outbound-link=\"https:\/\/www.hearstmagazines.co.uk\/special-editions-subscriptions-ll-oasis\" data-vars-ga-ux-element=\"Hyperlink\" data-vars-ga-call-to-action=\"online\" data-node-id=\"30.0.3\" class=\"body-link css-1lh7k7j emevuu60\" rel=\"nofollow noopener\"><strong data-node-id=\"30.0.3.0\">online<\/strong><\/a><strong data-node-id=\"30.0.4\">, now priced at just \u00a38.99.<\/strong><\/strong><strong data-node-id=\"30.1\"><br data-node-id=\"30.1.0\"\/><\/strong><\/p>\n<p><img src=\"https:\/\/www.europesays.com\/us\/wp-content\/uploads\/2025\/08\/0a81bfbe-1026-4736-8d8a-d20144e2ec87_1551709595.png\" alt=\"Headshot of Sam Warner\" title=\"Headshot of Sam Warner\" width=\"100%\" height=\"100%\" decoding=\"async\" loading=\"lazy\" class=\"css-o0wq4v ev8dhu53\"\/><\/p>\n<p>Sam is a freelance reporter and sub-editor who has a particular interest in <a href=\"https:\/\/www.digitalspy.com\/movies\/\" rel=\"nofollow noopener\" target=\"_blank\">movies<\/a>, <a href=\"https:\/\/www.digitalspy.com\/tv\/\" rel=\"nofollow noopener\" target=\"_blank\">TV<\/a> and music. After completing a journalism Masters at City University, London, Sam joined <strong>Digital Spy<\/strong> as a reporter, and has also freelanced for publications such as <a href=\"https:\/\/www.nme.com\/author\/samwarner\" rel=\"nofollow noopener\" target=\"_blank\">NME<\/a> and <a href=\"https:\/\/www.screendaily.com\/sam-warner\/1100838.contributor\" rel=\"nofollow noopener\" target=\"_blank\">Screen International<\/a>. \u00a0Sam, who also has a degree in Film, can wax lyrical about everything from <a href=\"https:\/\/www.digitalspy.com\/lord-of-the-rings\/\" rel=\"nofollow noopener\" target=\"_blank\">Lord of the Rings<\/a> to <a href=\"https:\/\/www.digitalspy.com\/love-is-blind\/\" rel=\"nofollow noopener\" target=\"_blank\">Love Is Blind<\/a>, and is equally in his element crossing every &#8216;t&#8217; and dotting every &#8216;i&#8217; as a sub-editor.<\/p>\n","protected":false},"excerpt":{"rendered":"Ireland-set detective series Borderline has confirmed a UK release date over a year after its initial premiere. The&hellip;\n","protected":false},"author":3,"featured_media":184290,"comment_status":"","ping_status":"","sticky":false,"template":"","format":"standard","meta":{"footnotes":""},"categories":[30],"tags":[3178,103555,1201,171,3181,1200,103554,173,67,132,68],"class_list":{"0":"post-184289","1":"post","2":"type-post","3":"status-publish","4":"format-standard","5":"has-post-thumbnail","7":"category-tv","8":"tag-content-type-news","9":"tag-contentid-3b1de15c-3e05-4f99-90db-3ba709a18b33","10":"tag-displaytype-standard-article","11":"tag-entertainment","12":"tag-hasproduct-true","13":"tag-locale-gb","14":"tag-shorttitle-unusual-irish-detective-series-gets-uk-release","15":"tag-tv","16":"tag-united-states","17":"tag-unitedstates","18":"tag-us"},"share_on_mastodon":{"url":"https:\/\/pubeurope.com\/@us\/115111499403473324","error":""},"_links":{"self":[{"href":"https:\/\/www.europesays.com\/us\/wp-json\/wp\/v2\/posts\/184289","targetHints":{"allow":["GET"]}}],"collection":[{"href":"https:\/\/www.europesays.com\/us\/wp-json\/wp\/v2\/posts"}],"about":[{"href":"https:\/\/www.europesays.com\/us\/wp-json\/wp\/v2\/types\/post"}],"author":[{"embeddable":true,"href":"https:\/\/www.europesays.com\/us\/wp-json\/wp\/v2\/users\/3"}],"replies":[{"embeddable":true,"href":"https:\/\/www.europesays.com\/us\/wp-json\/wp\/v2\/comments?post=184289"}],"version-history":[{"count":0,"href":"https:\/\/www.europesays.com\/us\/wp-json\/wp\/v2\/posts\/184289\/revisions"}],"wp:featuredmedia":[{"embeddable":true,"href":"https:\/\/www.europesays.com\/us\/wp-json\/wp\/v2\/media\/184290"}],"wp:attachment":[{"href":"https:\/\/www.europesays.com\/us\/wp-json\/wp\/v2\/media?parent=184289"}],"wp:term":[{"taxonomy":"category","embeddable":true,"href":"https:\/\/www.europesays.com\/us\/wp-json\/wp\/v2\/categories?post=184289"},{"taxonomy":"post_tag","embeddable":true,"href":"https:\/\/www.europesays.com\/us\/wp-json\/wp\/v2\/tags?post=184289"}],"curies":[{"name":"wp","href":"https:\/\/api.w.org\/{rel}","templated":true}]}}