{"id":194561,"date":"2025-09-02T16:35:10","date_gmt":"2025-09-02T16:35:10","guid":{"rendered":"https:\/\/www.europesays.com\/us\/194561\/"},"modified":"2025-09-02T16:35:10","modified_gmt":"2025-09-02T16:35:10","slug":"peru-mucho-gusto-culinary-festival-debuts-in-new-york-city-this-september","status":"publish","type":"post","link":"https:\/\/www.europesays.com\/us\/194561\/","title":{"rendered":"Per\u00fa Mucho Gusto Culinary Festival Debuts in New York City This September"},"content":{"rendered":"<p class=\"prntac\">New York City will host the<b> first-ever North American edition of the Per\u00fa Mucho Gusto<\/b> <b>Culinary Festival <\/b>&#8211; a vibrant three-day celebration of Peruvian gastronomy, culture, and creativity<\/p>\n<p>NEW YORK, Sept. 2, 2025 \/PRNewswire\/ &#8212;\u00a0This September, the world-renowned Peruvian culinary festival is expanding to the United States for the first time to showcase\u00a0Per\u00fa&#8217;s award-winning cuisine, superfoods, pisco, and cultural heritage in New York City. Organized by the <b>Commission for the Promotion of Peru for Export and Tourism (<a href=\"https:\/\/c212.net\/c\/link\/?t=0&amp;l=en&amp;o=4499694-1&amp;h=2958377382&amp;u=https%3A%2F%2Fwww.promperu.us%2F&amp;a=PROMPER%C3%9A\" target=\"_blank\" rel=\"nofollow noopener\">PROMPER\u00da<\/a>)<\/b>, the event will take place from <b>September 19 to 21, 2025 at<a href=\"https:\/\/c212.net\/c\/link\/?t=0&amp;l=en&amp;o=4499694-1&amp;h=3493317182&amp;u=https%3A%2F%2Fgreenpointterminalwarehouse.com%2F&amp;a=%C2%A0\" target=\"_blank\" rel=\"nofollow noopener\">\u00a0<\/a><a href=\"https:\/\/c212.net\/c\/link\/?t=0&amp;l=en&amp;o=4499694-1&amp;h=3236855583&amp;u=https%3A%2F%2Fgreenpointterminalwarehouse.com%2F&amp;a=Greenpoint+Terminal+Warehouse\" target=\"_blank\" rel=\"nofollow noopener\">Greenpoint Terminal Warehouse<\/a>.<\/b> The Festival will showcase the richness and diversity of Per\u00fa&#8217;s gastronomy and culture, which has positioned Per\u00fa as one of the world&#8217;s leading culinary and tourist destinations.<\/p>\n<p>    &#13;<br \/>\n      &#13;<br \/>\n&#13;<br \/>\n      &#13;<\/p>\n<p>          <a href=\"#\" class=\"tabfocus\" role=\"button\"><img title=\"Per\u00fa Mucho Gusto Culinary Festival Debuts in New York City in September\" data-getimg=\"https:\/\/mma.prnewswire.com\/media\/2762483\/PROMPERU_Horizontal_2x.jpg?w=500\" id=\"imageid_2\" alt=\"Per\u00fa Mucho Gusto Culinary Festival Debuts in New York City in September\" class=\"gallery-thumb img-responsive\" rel=\"newsImage\" itemprop=\"contentUrl\" loading=\"lazy\"\/><\/a><\/p>\n<p>        &#13;<br \/>\n      &#13;<br \/>\n&#13;<br \/>\n      &#13;<br \/>\n&#13;<br \/>\n      &#13;<br \/>\n        Per\u00fa Mucho Gusto Culinary Festival Debuts in New York City in September&#13;<br \/>\n      &#13;<\/p>\n<p>Since its launch in 2008,<a href=\"https:\/\/c212.net\/c\/link\/?t=0&amp;l=en&amp;o=4499694-1&amp;h=2965548530&amp;u=https%3A%2F%2Fperumuchogusto.com%2F&amp;a=%C2%A0\" target=\"_blank\" rel=\"nofollow noopener\">\u00a0<\/a><b><a href=\"https:\/\/c212.net\/c\/link\/?t=0&amp;l=en&amp;o=4499694-1&amp;h=805967143&amp;u=https%3A%2F%2Fperumuchogusto.com%2F&amp;a=Per%C3%BA+Mucho+Gusto\" target=\"_blank\" rel=\"nofollow noopener\">Per\u00fa Mucho Gusto<\/a><\/b> has become the country&#8217;s flagship gastronomic event, with <b>28 editions across 12 regions of Per\u00fa<\/b>, gathering more than <b>2,000 entrepreneurs<\/b> and welcoming over<b> 810,000 attendees<\/b>. Earlier this year, the fair expanded internationally for the first time with a successful debut in Madrid, where<b> 14,350 visitors <\/b>attended and international media coverage reached more than<b> 128 million people worldwide.<\/b><\/p>\n<p>Now, for the first time, <b>Per\u00fa Mucho Gusto is coming to the United States<\/b>, expected to welcome <b>around 5,000 visitors<\/b> over three days to celebrate the colors, flavors, and traditions of Per\u00fa in New York City. The event is free and open to the public, with registration required. A registration link will soon be available on the Per\u00fa Mucho Gusto website.<\/p>\n<p>Highlights of<b> Per\u00fa Mucho Gusto NYC<\/b> include:<\/p>\n<ul type=\"disc\">\n<li><b>Authentic Peruvian Cuisine<\/b>\u00a0\u2013 Fourteen Peruvian restaurants from across New York and New Jersey will bring the flavors of Peru to life, offering iconic dishes such as Ceviche, Peruvian Roasted chicken, Causa, Shrimp chowder, and traditional desserts. Visitors will discover firsthand why Per\u00fa has been recognized 12 times as the World&#8217;s Best Culinary Destination by the World Travel Awards.<\/li>\n<li><b>Live Demonstrations<\/b>\u00a0\u2013 Peruvian chefs will showcase signature recipes on the show-cooking stage, while bartenders highlight Per\u00fa&#8217;s national spirit at the innovative 360\u00b0 pisco bar with tastings and cocktail creations.<\/li>\n<li><b>Superfoods &amp; Lifestyle Pavilion<\/b>\u00a0\u2013 The fair will highlight Per\u00fa&#8217;s renowned superfoods\u2014including quinoa, cacao, coffee, and natural oils\u2014alongside home d\u00e9cor, jewelry, and artisanal design, offering visitors a chance to experience the country&#8217;s creativity beyond gastronomy.<\/li>\n<li><b>Marketplace of Flavors &amp; Traditions<\/b>\u00a0\u2013 Guests will explore a diverse range of products from Peruvian companies established in the U.S. market, from packaged superfoods and sauces to responsibly mined jewelry and handcrafts, bridging heritage with modern innovation.<\/li>\n<li><b>Cultural Performances<\/b>\u00a0\u2013 A dynamic program of live music, folkloric dance, and contemporary acts will immerse visitors in Peru&#8217;s vibrant traditions and modern creativity.<\/li>\n<\/ul>\n<p>&#8220;Per\u00fa Mucho Gusto is not just about food\u2014it is about sharing our heritage, creativity, and hospitality with the world,&#8221; said Diana Pita, Commercial Counselor at the Commercial Office of <b><a href=\"https:\/\/c212.net\/c\/link\/?t=0&amp;l=en&amp;o=4499694-1&amp;h=2958377382&amp;u=https%3A%2F%2Fwww.promperu.us%2F&amp;a=PROMPER%C3%9A\" target=\"_blank\" rel=\"nofollow noopener\">PROMPER\u00da<\/a><\/b> in New York. &#8220;Bringing the festival to New York City is a milestone in Per\u00fa&#8217;s cultural diplomacy and culinary leadership.&#8221;<\/p>\n<p><b>Event Details:<\/b><\/p>\n<p><b>Dates<\/b>: September 19\u201321, 2025<br class=\"dnr\"\/><b>Venue<\/b>:<b><a href=\"https:\/\/c212.net\/c\/link\/?t=0&amp;l=en&amp;o=4499694-1&amp;h=3493317182&amp;u=https%3A%2F%2Fgreenpointterminalwarehouse.com%2F&amp;a=%C2%A0\" target=\"_blank\" rel=\"nofollow noopener\">\u00a0<\/a><a href=\"https:\/\/c212.net\/c\/link\/?t=0&amp;l=en&amp;o=4499694-1&amp;h=3236855583&amp;u=https%3A%2F%2Fgreenpointterminalwarehouse.com%2F&amp;a=Greenpoint+Terminal+Warehouse\" target=\"_blank\" rel=\"nofollow noopener\">Greenpoint Terminal Warehouse<\/a><br class=\"dnr\"\/><\/b>\u00a0 \u00a0 \u00a0 \u00a0 \u00a0 \u00a0 <a href=\"https:\/\/c212.net\/c\/link\/?t=0&amp;l=en&amp;o=4499694-1&amp;h=954193178&amp;u=https%3A%2F%2Fwww.google.com%2Fmaps%2Fdir%2FGreenpoint%2BTerminal%2BWarehouse%2C%2B73%2BWest%2BSt%2C%2BBrooklyn%2C%2BNY%2B11222%2C%2BUnited%2BStates%2F%27%27%2F%4040.7293084%2C-74.0419391%2C12z%2Fdata%3D!3m1!4b1!4m14!4m13!1m5!1m1!1s0x89c25941d7955495%3A0x64f342e027966a06!2m2!1d-73.9593103!2d40.7293591!1m5!1m1!1s0x89c25941d7955495%3A0x64f342e027966a06!2m2!1d-73.9593103!2d40.7293591!3e3%3Fentry%3Dttu%26g_ep%3DEgoyMDI1MDgyNS4wIKXMDSoASAFQAw%253D%253D&amp;a=73+West+Street%2C+Brooklyn%2C+NY+11222\" target=\"_blank\" rel=\"nofollow noopener\">73 West Street, Brooklyn, NY 11222<\/a><\/p>\n<p><b>Event Times:<\/b><\/p>\n<ul type=\"disc\">\n<li>Friday Sept 19: 5 p.m. to 8 p.m.<\/li>\n<li>Saturday Sept 20: 11 a.m. to 6 p.m.<\/li>\n<li>Sunday Sept 21: 11 a.m. to 6 p.m.<\/li>\n<\/ul>\n<p><b>For more information visit:<a href=\"https:\/\/c212.net\/c\/link\/?t=0&amp;l=en&amp;o=4499694-1&amp;h=2965548530&amp;u=https%3A%2F%2Fperumuchogusto.com%2F&amp;a=%C2%A0\" target=\"_blank\" rel=\"nofollow noopener\">\u00a0<\/a><a href=\"https:\/\/c212.net\/c\/link\/?t=0&amp;l=en&amp;o=4499694-1&amp;h=805967143&amp;u=https%3A%2F%2Fperumuchogusto.com%2F&amp;a=Per%C3%BA+Mucho+Gusto\" target=\"_blank\" rel=\"nofollow noopener\">Per\u00fa Mucho Gusto<\/a><\/b><\/p>\n<p><b>About Per\u00fa Mucho Gusto<\/b><\/p>\n<p>Launched in 2008, Per\u00fa Mucho Gusto is the country&#8217;s premier culinary festival, organized by PROMPER\u00da to highlight the excellence of Peruvian cuisine and culture. After 27 editions across Per\u00fa, and the first international edition in Madrid in April 2025, the fair is now expanding to the United States, reinforcing Per\u00fa&#8217;s position as a world leader in gastronomy and cultural tourism.<\/p>\n<p><b>For more information, please contact:<\/b><\/p>\n<p>Trish Heywood<br class=\"dnr\"\/><a href=\"http:\/\/www.prnewswire.com\/cdn-cgi\/l\/email-protection#1f6b777a666870707b5f7c70737e71787a73706f6d317c7072\" target=\"_blank\" rel=\"nofollow noopener\">[email\u00a0protected]<\/a><\/p>\n<p>Carla Castorina<br class=\"dnr\"\/><a href=\"http:\/\/www.prnewswire.com\/cdn-cgi\/l\/email-protection#77141416040318051e19163714181b161910121b1807055914181a\" target=\"_blank\" rel=\"nofollow noopener\">[email\u00a0protected]<\/a><\/p>\n<p>Colangelo &amp; Partners<br class=\"dnr\"\/><a href=\"https:\/\/c212.net\/c\/link\/?t=0&amp;l=en&amp;o=4499694-1&amp;h=3696142812&amp;u=http%3A%2F%2Fwww.colangelopr.com%2F&amp;a=www.colangelopr.com\" target=\"_blank\" rel=\"nofollow noopener\">www.colangelopr.com<\/a><\/p>\n<p>SOURCE PROMPER\u00da<\/p>\n<p><img decoding=\"async\" alt=\"\" src=\"https:\/\/rt.prnewswire.com\/rt.gif?NewsItemId=NY63290&amp;Transmission_Id=202509021228PR_NEWS_USPR_____NY63290&amp;DateId=20250902\" style=\"border:0px; width:1px; height:1px;\"\/><\/p>\n","protected":false},"excerpt":{"rendered":"New York City will host the first-ever North American edition of the Per\u00fa Mucho Gusto Culinary Festival &#8211;&hellip;\n","protected":false},"author":3,"featured_media":194562,"comment_status":"","ping_status":"","sticky":false,"template":"","format":"standard","meta":{"footnotes":""},"categories":[5122],"tags":[5229,405,403,5226,5225,5228,5227,108434,67,586,132,5230,68,2969],"class_list":{"0":"post-194561","1":"post","2":"type-post","3":"status-publish","4":"format-standard","5":"has-post-thumbnail","7":"category-new-york","8":"tag-america","9":"tag-new-york","10":"tag-new-york-city","11":"tag-newyork","12":"tag-newyorkcity","13":"tag-ny","14":"tag-nyc","15":"tag-promperu","16":"tag-united-states","17":"tag-united-states-of-america","18":"tag-unitedstates","19":"tag-unitedstatesofamerica","20":"tag-us","21":"tag-usa"},"share_on_mastodon":{"url":"https:\/\/pubeurope.com\/@us\/115135678171588106","error":""},"_links":{"self":[{"href":"https:\/\/www.europesays.com\/us\/wp-json\/wp\/v2\/posts\/194561","targetHints":{"allow":["GET"]}}],"collection":[{"href":"https:\/\/www.europesays.com\/us\/wp-json\/wp\/v2\/posts"}],"about":[{"href":"https:\/\/www.europesays.com\/us\/wp-json\/wp\/v2\/types\/post"}],"author":[{"embeddable":true,"href":"https:\/\/www.europesays.com\/us\/wp-json\/wp\/v2\/users\/3"}],"replies":[{"embeddable":true,"href":"https:\/\/www.europesays.com\/us\/wp-json\/wp\/v2\/comments?post=194561"}],"version-history":[{"count":0,"href":"https:\/\/www.europesays.com\/us\/wp-json\/wp\/v2\/posts\/194561\/revisions"}],"wp:featuredmedia":[{"embeddable":true,"href":"https:\/\/www.europesays.com\/us\/wp-json\/wp\/v2\/media\/194562"}],"wp:attachment":[{"href":"https:\/\/www.europesays.com\/us\/wp-json\/wp\/v2\/media?parent=194561"}],"wp:term":[{"taxonomy":"category","embeddable":true,"href":"https:\/\/www.europesays.com\/us\/wp-json\/wp\/v2\/categories?post=194561"},{"taxonomy":"post_tag","embeddable":true,"href":"https:\/\/www.europesays.com\/us\/wp-json\/wp\/v2\/tags?post=194561"}],"curies":[{"name":"wp","href":"https:\/\/api.w.org\/{rel}","templated":true}]}}