{"id":268892,"date":"2025-10-01T10:11:14","date_gmt":"2025-10-01T10:11:14","guid":{"rendered":"https:\/\/www.europesays.com\/us\/268892\/"},"modified":"2025-10-01T10:11:14","modified_gmt":"2025-10-01T10:11:14","slug":"second-detainee-dies-after-dallas-immigration-facility-attack","status":"publish","type":"post","link":"https:\/\/www.europesays.com\/us\/268892\/","title":{"rendered":"Second detainee dies after Dallas immigration facility attack"},"content":{"rendered":"<p>DALLAS (AP) \u2014 A Mexican man who was among <a class=\"Link AnClick-LinkEnhancement\" data-gtm-enhancement-style=\"LinkEnhancementA\" href=\"https:\/\/apnews.com\/article\/ice-facility-shooting-dallas-immigration-d49f76ffc95572970ede58ef15769fe4\" target=\"_blank\" rel=\"noopener\">three people shot<\/a> at a Dallas immigration field office last week died Tuesday, becoming the second person killed in the attack, officials said.<\/p>\n<p>The family of Miguel \u00c1ngel Garc\u00eda-Hern\u00e1ndez said he died after being removed from life support, according to a statement provided through the League of United Latin American Citizens, a civil rights organization. A Department of Homeland Security spokesperson said Garc\u00eda-Hern\u00e1ndez died early Tuesday. The agency said he was 31, but LULAC said he was 32.<\/p>\n<p>Authorities have said the gunman in <a class=\"Link AnClick-LinkEnhancement\" data-gtm-enhancement-style=\"LinkEnhancementA\" href=\"https:\/\/apnews.com\/article\/dallas-ice-shooting-update-immigration-0631d82e4fd0b1f6e3309e6e8aa83d1e\" target=\"_blank\" rel=\"noopener\">the Sept. 24 attack<\/a>, Joshua Jahn, 29, fired indiscriminately from a nearby roof onto the U.S. Immigration and Customs Enforcement facility and a van holding detainees in a gated area. Authorities have said Jahn <a class=\"Link AnClick-LinkEnhancement\" data-gtm-enhancement-style=\"LinkEnhancementA\" href=\"https:\/\/apnews.com\/article\/ice-dallas-shooter-motivation-ff5e001c57516a513e4e0570be5b690f\" target=\"_blank\" rel=\"noopener\">hated the U.S. government<\/a> and wanted to incite terror by killing federal agents.<\/p>\n<p>No ICE personnel were hurt in the shooting, and Jahn fatally shot himself following the assault.<\/p>\n<p><a class=\"Link AnClick-LinkEnhancement\" data-gtm-enhancement-style=\"LinkEnhancementA\" href=\"https:\/\/apnews.com\/article\/ice-dallas-shooting-detainee-killed-5d12f26fb31af88fca2c305b86c8b61e\" target=\"_blank\" rel=\"noopener\">Norlan Guzman-Fuentes,<\/a> 37, a detainee from El Salvador, was also killed. <\/p>\n<p>The attack happened as <a class=\"Link AnClick-LinkEnhancement\" data-gtm-enhancement-style=\"LinkEnhancementA\" href=\"https:\/\/apnews.com\/hub\/immigration\" target=\"_blank\" rel=\"noopener\">heightened immigration enforcement<\/a> has generated backlash against ICE agents and <a class=\"Link AnClick-LinkEnhancement\" data-gtm-enhancement-style=\"LinkEnhancementA\" href=\"https:\/\/apnews.com\/article\/veterans-deportations-trump-immigration-81cf605e3e84652fae27c3eec7576987\" target=\"_blank\" rel=\"noopener\">stirred fear<\/a> in immigrant communities across the country.<\/p>\n<p>Stephany Gauffeny, Garc\u00eda-Hern\u00e1ndez\u2019s wife, said in the statement that her husband \u201cwas a good man, a loving father, and the provider for our family.\u201d <\/p>\n<p>\u201cWe had just bought our first home together, and he worked hard every single day to make sure our children had what they needed,\u201d she said. \u201cHis death is a senseless tragedy that has left our family shattered. I do not know how to explain to our children that their father is gone.\u201d<\/p>\n<p>In an earlier <a class=\"Link AnClick-LinkEnhancement\" data-gtm-enhancement-style=\"LinkEnhancementA\" href=\"https:\/\/www.wfaa.com\/video\/news\/local\/wife-of-immigrant-detainee-critically-injured-in-ice-facility-shooting-speaks-out\/287-73889b4b-bdad-490d-897b-feafd5a353b6\" target=\"_blank\" rel=\"noopener\">interview with WFAA television<\/a>, she said her husband was a \u201cgoofball\u201d who liked to make people laugh and was always willing to help people. <\/p>\n<p>Gauffeny is expecting their fifth child, LULAC said. <\/p>\n<p>Eric Cedillo, a Dallas attorney who has been helping Gauffeny since the shooting, said she had filed a petition seeking a green card for her husband. He said Garc\u00eda-Hern\u00e1ndez came to the U.S. when he was about 13 and has lived in the Dallas area since then.<\/p>\n<p>Garc\u00eda-Hern\u00e1ndez was being brought to the ICE facility the morning of the shooting after an immigration detainer was placed for him following an August arrest. Gauffeny told WFAA that he was arrested on charges of driving while intoxicated and evading arrest in Tarrant County. She said the latter charge was dropped, and Cedillo said Garc\u00eda-Hern\u00e1ndez served time on the former. <\/p>\n<p>Mexican President Claudia Sheinbaum said Tuesday that her administration helped Garc\u00eda-Hern\u00e1ndez\u2019s mother with the necessary paperwork to allow her to travel to Dallas. Sheinbaum also said her government asked U.S. authorities for an investigation and that Mexico would get involved if there was any kind of violation of Garc\u00eda-Hern\u00e1ndez\u2019s rights. <\/p>\n<p>Following ICE procedures, the detainees were restrained inside the van, an ICE official said, adding that federal agents ran into gunfire to remove them and render aid.<\/p>\n<p>Guzman-Fuentes\u2019 sister, Alba Rubida Guzman, said he left El Salvador when he was 17 years old and worked in the U.S. for two decades. <\/p>\n<p>After his detention he resigned himself to leaving the U.S. His wife planned to meet him in El Salvador, and then they both planned to move to Mexico, where her father had a construction job waiting for him, the sister told Channel 12 in Jiquilisco in south-central El Salvador.<\/p>\n<p>\u201cHe dedicated himself to work, his family, and whenever he could he helped us,\u201d she said.<\/p>\n<p>___<\/p>\n<p>Sarah Brumfield in Cockeysville, Maryland, and Mar\u00eda Verza in Mexico City contributed. <\/p>\n","protected":false},"excerpt":{"rendered":"DALLAS (AP) \u2014 A Mexican man who was among three people shot at a Dallas immigration field office&hellip;\n","protected":false},"author":3,"featured_media":268893,"comment_status":"","ping_status":"","sticky":false,"template":"","format":"standard","meta":{"footnotes":""},"categories":[5135],"tags":[139994,5229,1613,15581,4219,1596,8005,139998,57,4222,76602,409,133383,1612,139996,2222,139993,80,139995,3677,139997,358,3187,5028,3676,2065,61,67,586,132,5230,68,2969],"class_list":{"0":"post-268892","1":"post","2":"type-post","3":"status-publish","4":"format-standard","5":"has-post-thumbnail","7":"category-dallas","8":"tag-alba-rubida-guzman","9":"tag-america","10":"tag-central-america","11":"tag-claudia-sheinbaum","12":"tag-crime","13":"tag-dallas","14":"tag-el-salvador","15":"tag-eric-cedillo","16":"tag-general-news","17":"tag-gun-violence","18":"tag-immigrant-detention","19":"tag-immigration","20":"tag-joshua-jahn","21":"tag-latin-america","22":"tag-mara-verza","23":"tag-mexico","24":"tag-miguel-ngel-garca-hernndez","25":"tag-politics","26":"tag-sarah-brumfield","27":"tag-shootings","28":"tag-stephany-gauffeny","29":"tag-texas","30":"tag-tx","31":"tag-tx-state-wire","32":"tag-u-s-department-of-homeland-security","33":"tag-u-s-immigration-and-customs-enforcement","34":"tag-u-s-news","35":"tag-united-states","36":"tag-united-states-of-america","37":"tag-unitedstates","38":"tag-unitedstatesofamerica","39":"tag-us","40":"tag-usa"},"share_on_mastodon":{"url":"","error":"Validation failed: Text character limit of 500 exceeded"},"_links":{"self":[{"href":"https:\/\/www.europesays.com\/us\/wp-json\/wp\/v2\/posts\/268892","targetHints":{"allow":["GET"]}}],"collection":[{"href":"https:\/\/www.europesays.com\/us\/wp-json\/wp\/v2\/posts"}],"about":[{"href":"https:\/\/www.europesays.com\/us\/wp-json\/wp\/v2\/types\/post"}],"author":[{"embeddable":true,"href":"https:\/\/www.europesays.com\/us\/wp-json\/wp\/v2\/users\/3"}],"replies":[{"embeddable":true,"href":"https:\/\/www.europesays.com\/us\/wp-json\/wp\/v2\/comments?post=268892"}],"version-history":[{"count":0,"href":"https:\/\/www.europesays.com\/us\/wp-json\/wp\/v2\/posts\/268892\/revisions"}],"wp:featuredmedia":[{"embeddable":true,"href":"https:\/\/www.europesays.com\/us\/wp-json\/wp\/v2\/media\/268893"}],"wp:attachment":[{"href":"https:\/\/www.europesays.com\/us\/wp-json\/wp\/v2\/media?parent=268892"}],"wp:term":[{"taxonomy":"category","embeddable":true,"href":"https:\/\/www.europesays.com\/us\/wp-json\/wp\/v2\/categories?post=268892"},{"taxonomy":"post_tag","embeddable":true,"href":"https:\/\/www.europesays.com\/us\/wp-json\/wp\/v2\/tags?post=268892"}],"curies":[{"name":"wp","href":"https:\/\/api.w.org\/{rel}","templated":true}]}}