{"id":271769,"date":"2025-10-02T11:45:13","date_gmt":"2025-10-02T11:45:13","guid":{"rendered":"https:\/\/www.europesays.com\/us\/271769\/"},"modified":"2025-10-02T11:45:13","modified_gmt":"2025-10-02T11:45:13","slug":"new-d-fw-restaurant-from-don-artemio-creators-will-pay-tribute-to-mexicos-marine-cuisine","status":"publish","type":"post","link":"https:\/\/www.europesays.com\/us\/271769\/","title":{"rendered":"New D-FW restaurant from Don Artemio creators will pay tribute to Mexico\u2019s marine cuisine"},"content":{"rendered":"<p class=\"body-text-paragraph\">Chef Rodrigo C\u00e1rdenas is preparing to spearhead a <a href=\"https:\/\/www.dallasnews.com\/food\/restaurant-news\/2024\/12\/26\/most-exciting-restaurants-opening-dallas-fort-worth-suburbs-2025\/?sailthru_id=62680ba94f757f64bad77c11&amp;utm_source=Sailthru&amp;utm_medium=email&amp;utm_campaign=MostExciting_memberonly2_12262024&amp;utm_term=Sarah%20Restaurant%20News\" target=\"_blank\" rel=\"noopener\" title=\"https:\/\/www.dallasnews.com\/food\/restaurant-news\/2024\/12\/26\/most-exciting-restaurants-opening-dallas-fort-worth-suburbs-2025\/?sailthru_id=62680ba94f757f64bad77c11&amp;utm_source=Sailthru&amp;utm_medium=email&amp;utm_campaign=MostExciting_memberonly2_12262024&amp;utm_term=Sarah%20Restaurant%20News\">new culinary venture<\/a> in Fort Worth: Dos Mares, a restaurant promising to bring the flavors of Mexico\u2019s two coastlines \u2014 the Gulf of Mexico and the Pacific Ocean \u2014 to the table.<\/p>\n<p class=\"body-text-paragraph\">The concept, created by the same team behind the renowned <a href=\"https:\/\/www.dallasnews.com\/food\/restaurant-news\/2022\/04\/04\/inside-don-artemio-the-contemporary-mexican-restaurant-everyones-talking-about-in-fort-worth\/\" target=\"_blank\" rel=\"noopener\" title=\"https:\/\/www.dallasnews.com\/food\/restaurant-news\/2022\/04\/04\/inside-don-artemio-the-contemporary-mexican-restaurant-everyones-talking-about-in-fort-worth\/\">Don Artemio<\/a> restaurant, pays tribute to Mexico\u2019s marine-rich cuisine with a contemporary approach.<\/p>\n<p class=\"body-text-paragraph\">\u201cJust like Mexican cuisine, whether salty, sweet, from the land or the sea, there are many different culinary touches in seafood as well,\u201d C\u00e1rdenas told The Dallas Morning News. \u201c<a href=\"https:\/\/www.dallasnews.com\/food\/dfw-sabores\/\" target=\"_self\" rel=\"noopener\" title=\"https:\/\/www.dallasnews.com\/food\/dfw-sabores\/\">There are many culinary regions<\/a>, and they are all extremely diverse.\u201d<\/p>\n<p class=\"body-text-paragraph\">Dos Mares is scheduled to open before the end of 2025 and will be next door to Don Artemio, at 3260 W. 7th St.<\/p>\n<p>Eat Drink D-FW<\/p>\n<p class=\"dmnc_features-cta-social-article-cta-social-module__3beff secondaryRoman secondaryRoman-20 text-center text-gray-dark\">The latest food and drink reviews, recipes and info on the D-FW food scene.<\/p>\n<p class=\"dmnc_features-cta-social-article-cta-social-module__8MgJa flex flex-wrap text-gray-dark secondaryRoman secondaryRoman-10 text-center justify-center\">By signing up, you agree to our\u00a0<a class=\"dmnc_features-cta-social-article-cta-social-module__lU9-l border-b border-gray-dark hover_border-0 focus_border-0 active_border-0\" href=\"https:\/\/www.dallasnews.com\/help\/terms-of-service\/\" target=\"_blank\" rel=\"noopener\">Terms of Service<\/a>\u00a0and\u00a0<a class=\"dmnc_features-cta-social-article-cta-social-module__lU9-l border-b border-gray-dark hover_border-0 focus_border-0 active_border-0\" href=\"https:\/\/www.dallasnews.com\/help\/privacy-policy\" target=\"_blank\" rel=\"noopener\">Privacy Policy.<\/a><\/p>\n<p><img decoding=\"async\" loading=\"lazy\" style=\"aspect-ratio:4096 \/ 2732\"   class=\"dmnc_images-modern-image-module__QFaG- max-w-full h-auto text-white dmnc_images-modern-image-module__9Zlll bg-gray-light object-contain\" width=\"4096\" height=\"2732\" src=\"https:\/\/www.europesays.com\/us\/wp-content\/uploads\/2025\/10\/PAK2YW4LYFELTF33UKBIRQY2FI.jpg\" alt=\"Chef Rodrigo C\u00e1rdenas (center) speaks to guests Liliana Diego (left) and Homero Amezcua from...\"\/><\/p>\n<p>Chef Rodrigo C\u00e1rdenas (center) speaks to guests Liliana Diego (left) and Homero Amezcua from Del Rio, Texas as they stop for lunch at Don Artemio in Fort Worth on Friday, Sept. 12, 2025.<\/p>\n<p>Juan Figueroa \/ Staff Photographer<\/p>\n<p class=\"body-text-paragraph\">Its menu will celebrate the diversity of the Mexican coastline, featuring dishes inspired by the cuisine of <a href=\"https:\/\/www.dallasnews.com\/food\/restaurant-news\/2025\/07\/15\/veracruz-paella-arroz-a-la-tumbada-authentic-mexican-food-dfw\/\" target=\"_blank\" rel=\"noopener\" title=\"https:\/\/www.dallasnews.com\/food\/restaurant-news\/2025\/07\/15\/veracruz-paella-arroz-a-la-tumbada-authentic-mexican-food-dfw\/\">Veracruz<\/a>, Sinaloa and <a href=\"https:\/\/www.dallasnews.com\/food\/2024\/12\/06\/how-we-found-baja-style-mexican-food-in-d-fw\/\" target=\"_blank\" rel=\"noopener\" title=\"https:\/\/www.dallasnews.com\/food\/2024\/12\/06\/how-we-found-baja-style-mexican-food-in-d-fw\/\">Baja California<\/a>, which are among the states with the most abundant seafood dishes.<\/p>\n<p class=\"body-text-paragraph\">\u201cThe Mexican sea is an inexhaustible source of flavor and tradition,\u201d C\u00e1rdenas said.<\/p>\n<p class=\"body-text-paragraph\">Dos Mares will be a casual restaurant created by chef Juan Ram\u00f3n C\u00e1rdenas and restaurateur Adri\u00e1n Burciaga, owners of Don Artemio, one of the most award-winning restaurants in Texas. The 3,500-square-foot design will feature natural materials, including wood and palm, as well as dozens of natural shells and starfish.<\/p>\n<p class=\"body-text-paragraph\">Dos Mares will be at 3260 W. 7th St, Fort Worth, and will open later this year. <a href=\"https:\/\/www.dosmares.us\/\" target=\"_blank\" rel=\"noopener\" title=\"https:\/\/www.dosmares.us\/\">dosmares.us.<\/a><\/p>\n","protected":false},"excerpt":{"rendered":"Chef Rodrigo C\u00e1rdenas is preparing to spearhead a new culinary venture in Fort Worth: Dos Mares, a restaurant&hellip;\n","protected":false},"author":3,"featured_media":271770,"comment_status":"","ping_status":"","sticky":false,"template":"","format":"standard","meta":{"footnotes":""},"categories":[5138],"tags":[5229,116804,7712,2105,7371,7372,35347,9065,2222,9063,988,20958,358,3187,67,586,132,5230,68,2969],"class_list":{"0":"post-271769","1":"post","2":"type-post","3":"status-publish","4":"format-standard","5":"has-post-thumbnail","7":"category-fort-worth","8":"tag-america","9":"tag-best-restaurants","10":"tag-dallas-fortworth","11":"tag-food-and-drink","12":"tag-fort-worth","13":"tag-fortworth","14":"tag-hispanic-dfw","15":"tag-mexican-food","16":"tag-mexico","17":"tag-restaurant-openings","18":"tag-restaurants","19":"tag-seafood","20":"tag-texas","21":"tag-tx","22":"tag-united-states","23":"tag-united-states-of-america","24":"tag-unitedstates","25":"tag-unitedstatesofamerica","26":"tag-us","27":"tag-usa"},"share_on_mastodon":{"url":"https:\/\/pubeurope.com\/@us\/115304407017296254","error":""},"_links":{"self":[{"href":"https:\/\/www.europesays.com\/us\/wp-json\/wp\/v2\/posts\/271769","targetHints":{"allow":["GET"]}}],"collection":[{"href":"https:\/\/www.europesays.com\/us\/wp-json\/wp\/v2\/posts"}],"about":[{"href":"https:\/\/www.europesays.com\/us\/wp-json\/wp\/v2\/types\/post"}],"author":[{"embeddable":true,"href":"https:\/\/www.europesays.com\/us\/wp-json\/wp\/v2\/users\/3"}],"replies":[{"embeddable":true,"href":"https:\/\/www.europesays.com\/us\/wp-json\/wp\/v2\/comments?post=271769"}],"version-history":[{"count":0,"href":"https:\/\/www.europesays.com\/us\/wp-json\/wp\/v2\/posts\/271769\/revisions"}],"wp:featuredmedia":[{"embeddable":true,"href":"https:\/\/www.europesays.com\/us\/wp-json\/wp\/v2\/media\/271770"}],"wp:attachment":[{"href":"https:\/\/www.europesays.com\/us\/wp-json\/wp\/v2\/media?parent=271769"}],"wp:term":[{"taxonomy":"category","embeddable":true,"href":"https:\/\/www.europesays.com\/us\/wp-json\/wp\/v2\/categories?post=271769"},{"taxonomy":"post_tag","embeddable":true,"href":"https:\/\/www.europesays.com\/us\/wp-json\/wp\/v2\/tags?post=271769"}],"curies":[{"name":"wp","href":"https:\/\/api.w.org\/{rel}","templated":true}]}}