{"id":275118,"date":"2025-10-03T17:32:15","date_gmt":"2025-10-03T17:32:15","guid":{"rendered":"https:\/\/www.europesays.com\/us\/275118\/"},"modified":"2025-10-03T17:32:15","modified_gmt":"2025-10-03T17:32:15","slug":"cristiano-ronaldo-to-face-former-teammate-as-benzemas-al-ittihad-reportedly-hire-portuguese-coach","status":"publish","type":"post","link":"https:\/\/www.europesays.com\/us\/275118\/","title":{"rendered":"Cristiano Ronaldo to face former teammate as Benzema\u2019s Al Ittihad reportedly hire Portuguese coach"},"content":{"rendered":"<p data-testid=\"paragraph\" class=\"mb-[20px] md:mb-[30px] break-word\">Since <strong><a href=\"https:\/\/worldsoccertalk.com\/tag\/cristiano-ronaldo\/\" target=\"_blank\" class=\"break-word font-articleLinkText text-articleLinkText hover:text-articleLinkTextHover hover:bg-articleLinkTextHoverBg cursor-pointer border-solid border-b-articleLinkTextHover\" rel=\"noopener\">Cristiano Ronaldo<\/a><\/strong> joined <strong>Al Nassr<\/strong> in early 2023, more and more Portuguese players and coaches have found opportunities in the <strong>Saudi Pro League.<\/strong> Now, <strong>Karim Benzema<\/strong>\u2019s <strong>Al Ittihad<\/strong> has reportedly agreed to hire a coach from <strong>Portugal<\/strong>.<\/p>\n<p data-testid=\"paragraph\" class=\"mb-[20px] md:mb-[30px] break-word\">Last week, <strong><a href=\"https:\/\/worldsoccertalk.com\/tag\/al-ittihad\/\" target=\"_blank\" class=\"break-word font-articleLinkText text-articleLinkText hover:text-articleLinkTextHover hover:bg-articleLinkTextHoverBg cursor-pointer border-solid border-b-articleLinkTextHover\" rel=\"noopener\">Al Ittihad<\/a><\/strong> lost a crucial league match against Al Nassr, which led to the surprising decision to part ways with <strong>Laurent Blanc<\/strong>. The French coach had been in charge for just over a year and had achieved strong results, guiding the team to the 2024\u201325 <strong>Saudi Pro League<\/strong> title and the <strong>King\u2019s Cup<\/strong>. But that wasn\u2019t enough to satisfy the board of directors.<\/p>\n<p data-testid=\"paragraph\" class=\"mb-[20px] md:mb-[30px] break-word\">When announcing Blanc\u2019s departure, Al Ittihad stated that <strong>Hassan Khalifa<\/strong> would take over on an interim basis until a new coach was appointed. That plan was put into action, as Khalifa led <strong><a href=\"https:\/\/worldsoccertalk.com\/tag\/karim-benzema\/\" target=\"_blank\" class=\"break-word font-articleLinkText text-articleLinkText hover:text-articleLinkTextHover hover:bg-articleLinkTextHoverBg cursor-pointer border-solid border-b-articleLinkTextHover\" rel=\"noopener\">Benzema<\/a><\/strong> and his teammates in Tuesday\u2019s 1\u20130 loss to <strong>Shabab Al Ahli<\/strong> of the United Arab Emirates in the <strong>AFC Champions League Elite<\/strong>. That result may have sped up the search for Blanc\u2019s replacement.<\/p>\n<p data-testid=\"paragraph\" class=\"mb-[20px] md:mb-[30px] break-word\"><strong>\u201cAl Ittihad reach verbal agreement to appoint S\u00e9rgio Concei\u00e7\u00e3o as new head coach,\u201d<\/strong> reported journalist Fabrizio Romano on Thursday via his official X account. \u201cThe deal is at advanced stages just fixing the length of the contract likely to be for next two years,\u201d added the Italian reporter. <strong>\u201cConcei\u00e7\u00e3o said yes to Al Ittihad.\u201d<\/strong><\/p>\n<p><img decoding=\"async\" src=\"https:\/\/www.europesays.com\/us\/wp-content\/uploads\/2025\/10\/WST_20251002_WST_594566_Sergio-Conceicao-AC-Milan-2-1200x675_a2d1ccf1.webp&#038;width=1200&#038;height=675.webp\" width=\"1200\" height=\"675\" alt=\"Christian Pulisic's coach at AC Milan Sergio Conceicao addresses the lack of respect towards him amid the rumors of his departure.\" class=\"h-auto\" loading=\"lazy\"\/><\/p>\n<p class=\"text-center mt-5 text-[14px] leading-[20px] font-normal\">Portuguese coach Sergio Conceicao.<\/p>\n<p>Who is Sergio Conceicao?<\/p>\n<p data-testid=\"paragraph\" class=\"mb-[20px] md:mb-[30px] break-word\">Sergio Conceicao was a standout winger who played professionally through the 1990s and 2000s, appearing for top clubs like P<strong>orto, Lazio, Parma,<\/strong> and<strong> Inter Milan<\/strong>. After retiring in the 2009\u201310 season, he transitioned into coaching, a career he has pursued almost continuously since 2012.<\/p>\n<p><a title=\"$140 million Saudi Pro League plan could shockingly hand Manchester United another Cristiano Ronaldo reunion\" href=\"https:\/\/worldsoccertalk.com\/news\/140-million-saudi-pro-league-plan-could-shockingly-hand-manchester-united-another-cristiano-ronaldo-reunion\/\" target=\"_self\" rel=\"noopener\" class=\"article-also-read-embed\"><img decoding=\"async\" class=\"aspect-square max-w-[100px] m-[10px] md:m-0\" src=\"https:\/\/www.europesays.com\/us\/wp-content\/uploads\/2025\/10\/1759512735_284_image\" alt=\"$140 million Saudi Pro League plan could shockingly hand Manchester United another Cristiano Ronaldo reunion\" width=\"200\" height=\"200\" loading=\"lazy\"\/><\/p>\n<p class=\"font-secondary my-[13px] uppercase text-alsoReadSeeAlso bg-alsoReadSeeAlsoBackground alsoReadSeeAlso w-fit\">see also<\/p>\n<p class=\"w-full line-clamp-3 md:line-clamp-2 text-alsoReadEmbedTitle font-primary alsoReadLink\">$140 million Saudi Pro League plan could shockingly hand Manchester United another Cristiano Ronaldo reunion<\/p>\n<p><\/a><\/p>\n<p data-testid=\"paragraph\" class=\"mb-[20px] md:mb-[30px] break-word\">As a coach, Conceicao has steadily climbed the ranks. He started with modest clubs like <strong>Olhanense, Academica, Braga, <\/strong>and <strong>Vitoria Guimaraes<\/strong> before landing more high-profile opportunities at <strong>Nantes <\/strong>in France, <strong>Porto<\/strong>, and most recently, <strong>AC Milan.<\/strong><\/p>\n<p data-testid=\"paragraph\" class=\"mb-[20px] md:mb-[30px] break-word\">His most successful spell came at Porto, where he coached from 2017 to 2024, overseeing 379 matches with a win rate of 72.3%. During that time, Conceicao won eleven titles. His latest stint at Milan was less successful, lasting under six months with a 51.6% win rate.<\/p>\n<p>Ronaldo and Conceicao<\/p>\n<p data-testid=\"paragraph\" class=\"mb-[20px] md:mb-[30px] break-word\">The potential arrival of Sergio Conceicao at Al Ittihad would mark another Portuguese star joining the <strong><a href=\"https:\/\/worldsoccertalk.com\/tag\/saudi-pro-league\" target=\"_blank\" class=\"break-word font-articleLinkText text-articleLinkText hover:text-articleLinkTextHover hover:bg-articleLinkTextHoverBg cursor-pointer border-solid border-b-articleLinkTextHover\" rel=\"noopener\">Saudi Pro League<\/a><\/strong>. Alongside Cristiano Ronaldo, the league also features fellow Portuguese players like <strong>Joao Felix<\/strong> and <strong>Joao Cancelo<\/strong>. Al Nassr\u2019s head coach, <strong>Jorge Jesus,<\/strong> is also Portuguese.<\/p>\n<p data-testid=\"paragraph\" class=\"break-word\">Conceicao and Ronaldo also share a brief history as teammates. When Cristiano was just beginning his professional journey and earning his first call-ups to the <strong>Portugal national team<\/strong> in 2003, he briefly overlapped with Conceicao, who played his final international matches that same year.<\/p>\n","protected":false},"excerpt":{"rendered":"Since Cristiano Ronaldo joined Al Nassr in early 2023, more and more Portuguese players and coaches have found&hellip;\n","protected":false},"author":3,"featured_media":275119,"comment_status":"","ping_status":"","sticky":false,"template":"","format":"standard","meta":{"footnotes":""},"categories":[45],"tags":[142343,16354,16352,221,62,67,132,68],"class_list":{"0":"post-275118","1":"post","2":"type-post","3":"status-publish","4":"format-standard","5":"has-post-thumbnail","7":"category-soccer","8":"tag-al-ittihad","9":"tag-cristiano-ronaldo","10":"tag-saudi-pro-league","11":"tag-soccer","12":"tag-sports","13":"tag-united-states","14":"tag-unitedstates","15":"tag-us"},"share_on_mastodon":{"url":"https:\/\/pubeurope.com\/@us\/115311434859403922","error":""},"_links":{"self":[{"href":"https:\/\/www.europesays.com\/us\/wp-json\/wp\/v2\/posts\/275118","targetHints":{"allow":["GET"]}}],"collection":[{"href":"https:\/\/www.europesays.com\/us\/wp-json\/wp\/v2\/posts"}],"about":[{"href":"https:\/\/www.europesays.com\/us\/wp-json\/wp\/v2\/types\/post"}],"author":[{"embeddable":true,"href":"https:\/\/www.europesays.com\/us\/wp-json\/wp\/v2\/users\/3"}],"replies":[{"embeddable":true,"href":"https:\/\/www.europesays.com\/us\/wp-json\/wp\/v2\/comments?post=275118"}],"version-history":[{"count":0,"href":"https:\/\/www.europesays.com\/us\/wp-json\/wp\/v2\/posts\/275118\/revisions"}],"wp:featuredmedia":[{"embeddable":true,"href":"https:\/\/www.europesays.com\/us\/wp-json\/wp\/v2\/media\/275119"}],"wp:attachment":[{"href":"https:\/\/www.europesays.com\/us\/wp-json\/wp\/v2\/media?parent=275118"}],"wp:term":[{"taxonomy":"category","embeddable":true,"href":"https:\/\/www.europesays.com\/us\/wp-json\/wp\/v2\/categories?post=275118"},{"taxonomy":"post_tag","embeddable":true,"href":"https:\/\/www.europesays.com\/us\/wp-json\/wp\/v2\/tags?post=275118"}],"curies":[{"name":"wp","href":"https:\/\/api.w.org\/{rel}","templated":true}]}}