{"id":275469,"date":"2025-10-03T20:52:14","date_gmt":"2025-10-03T20:52:14","guid":{"rendered":"https:\/\/www.europesays.com\/us\/275469\/"},"modified":"2025-10-03T20:52:14","modified_gmt":"2025-10-03T20:52:14","slug":"what-led-a-young-man-from-the-dallas-suburbs-to-attack-ice","status":"publish","type":"post","link":"https:\/\/www.europesays.com\/us\/275469\/","title":{"rendered":"What led a young man from the Dallas suburbs to attack ICE?"},"content":{"rendered":"<p class=\"body-text-paragraph\">FAIRVIEW \u2014 Just off Country Club Road here, a narrow street without sidewalks winds past well-kept lawns and brick mailboxes that match the large suburban houses they front. It curls into a quiet cul-de-sac, where a two-story house sits partly veiled by tall trees.<\/p>\n<p class=\"body-text-paragraph\">In recent days, after the crush of federal law enforcement agents and television news crews had cleared, a lone Fairview police patrol vehicle was parked out front. It guarded the home of Joshua Jahn, the 29-year-old man suspected of climbing onto a building near an Immigration and Customs Enforcement office in Dallas and <a href=\"https:\/\/www.dallasnews.com\/topic\/ice-office-shooting\/\" target=\"_blank\" rel=\"noreferrer noopener\" title=\"https:\/\/www.dallasnews.com\/topic\/ice-office-shooting\/\">opening fire<\/a> on those below.<\/p>\n<p class=\"body-text-paragraph\">Authorities have said <a href=\"https:\/\/www.dallasnews.com\/news\/immigration\/2025\/09\/27\/3-victims-of-dallas-ice-office-shooting-identified-by-dhs\/\" target=\"_blank\" rel=\"noreferrer noopener\" title=\"https:\/\/www.dallasnews.com\/news\/immigration\/2025\/09\/27\/3-victims-of-dallas-ice-office-shooting-identified-by-dhs\/\">three detainees<\/a> were shot. Two of them \u2014 Miguel \u00c1ngel Garc\u00eda Medina, a Mexican national living in Arlington, and Norlan Guzm\u00e1n Fuentes, of El Salvador \u2014 died. So did Jahn, who took his own life. Jahn had set out to target ICE agents, not detainees, officials said, though no law enforcement was injured. <\/p>\n<p class=\"body-text-paragraph\">Attempts to frame the attack in political terms were swift. President Donald Trump, in a post on Truth Social, his social media platform, called for an end to violence from \u201cDeranged Radical Leftists,\u201d while Vice President J.D. Vance labeled Jahn a \u201cviolent left-wing extremist.\u201d<\/p>\n<p>Crime in The News<\/p>\n<p class=\"dmnc_features-cta-social-article-cta-social-module__3beff secondaryRoman secondaryRoman-20 text-center text-gray-dark\">Read the crime and public safety news your neighbors are talking about.<\/p>\n<p class=\"dmnc_features-cta-social-article-cta-social-module__8MgJa flex flex-wrap text-gray-dark secondaryRoman secondaryRoman-10 text-center justify-center\">By signing up, you agree to our\u00a0<a class=\"dmnc_features-cta-social-article-cta-social-module__lU9-l border-b border-gray-dark hover_border-0 focus_border-0 active_border-0\" href=\"https:\/\/www.dallasnews.com\/help\/terms-of-service\/\" target=\"_blank\" rel=\"noopener\">Terms of Service<\/a>\u00a0and\u00a0<a class=\"dmnc_features-cta-social-article-cta-social-module__lU9-l border-b border-gray-dark hover_border-0 focus_border-0 active_border-0\" href=\"https:\/\/www.dallasnews.com\/help\/privacy-policy\" target=\"_blank\" rel=\"noopener\">Privacy Policy.<\/a><\/p>\n<p class=\"body-text-paragraph\">People who came across Jahn in the years before the Sept. 24 shooting told The Dallas Morning News he had not been overtly political; the former Boy Scout seemed to have enjoyed video games and marijuana. He was unemployed, had dropped out of college and worked odd jobs, including at a cannabis farm in Washington.<\/p>\n<p class=\"body-text-paragraph\">His brother, Noah Jahn, told NBC News that his brother didn\u2019t show much interest in politics. Nor, he said, did his brother express strong feelings against ICE. Noah Jahn did not respond to phone calls from The News requesting comment.<\/p>\n<p class=\"body-text-paragraph\">Evidence recovered from Jahn\u2019s home and publicized by federal authorities in the hours and days after the shooting paints a different picture.<\/p>\n<p class=\"body-text-paragraph\">Jahn wrote that he hoped his actions would give ICE agents \u201creal terror,\u201d induce stress in their lives and interfere with their work \u2014 which he likened to human trafficking, Nancy Larson, acting U.S. Attorney for the Northern District of Texas, said in a news conference. <\/p>\n<p class=\"body-text-paragraph\">Larson said recovered messages indicated Jahn hated the federal government and did not intend to survive the attack on the Dallas field office, where he \u201cindiscriminately\u201d fired at the facility and transport vans.<\/p>\n<p class=\"body-text-paragraph\">The messages said he intended to \u201cmaximize lethality\u201d against ICE agents \u2014 not target detainees, but officials said he acknowledged the potential for other casualties. Investigators said the words \u201cANTI-ICE\u201d were written on an unspent round found at the scene. Larson said Jahn \u201cvery likely acted alone.\u201d<\/p>\n<p class=\"body-text-paragraph\">Jahn was registered as an Independent in Oklahoma, voting records show, and voted in a 2020 Democratic primary in Texas.<\/p>\n<p><img decoding=\"async\" loading=\"lazy\" style=\"aspect-ratio:4000 \/ 2668\"   class=\"dmnc_images-modern-image-module__QFaG- max-w-full h-auto text-white dmnc_images-modern-image-module__9Zlll bg-gray-light object-contain\" width=\"4000\" height=\"2668\" src=\"https:\/\/www.europesays.com\/us\/wp-content\/uploads\/2025\/10\/OFXWGNZCYZHL3G2YY3SCT65SCA.jpg\" alt=\"FBI officials investigate a vehicle outside of the an immigration attorney office behind the...\"\/><\/p>\n<p>FBI officials investigate a vehicle outside of the an immigration attorney office behind the Dallas Immigration and Customs Enforcement office after a shooting on Wednesday, Sept. 24, 2025, in Dallas. The suspected shooter died from a self inflicted gunshot wound, according to authorities.<\/p>\n<p>Angela Piazza \/ Staff Photographer<\/p>\n<p>Related<\/p>\n<p><img loading=\"lazy\" decoding=\"async\" style=\"aspect-ratio:190 \/ 127\" class=\"dmnc_features-article-body-embeds-related-story-module__2UraD flex-none object-cover dmnc_images-modern-image-module__QFaG- max-w-full h-auto text-white dmnc_images-modern-image-module__9Zlll bg-gray-light object-contain dmnc_images-modern-image-module__P3kZ4 w-full\" width=\"190\" height=\"127\" src=\"https:\/\/www.europesays.com\/us\/wp-content\/uploads\/2025\/10\/4SAEXAWQ7RAYFA35BYLQHE7PQQ.jpg\" alt=\"Janet Mart\u00ednez leads a rosary prayer circle during a vigil outside of Parkland Hospital for...\"\/>A history with marijuana<\/p>\n<p class=\"body-text-paragraph\">The portrait of Jahn remains incomplete. Disclosures from investigators have centered on recovered evidence they say suggest his motive, while media reports \u2014 often relying on accounts from people who knew Jahn years ago who asked not to be publicly identified \u2014 offer few details about his life.<\/p>\n<p class=\"body-text-paragraph\">Jahn had grown up in Allen, his brother Noah Jahn told NBC, and was involved in Boy Scouts, now called Scouting America. Noah Jahn told the station his brother was \u201cunique,\u201d enjoyed coding and planned to move to the family\u2019s property in Oklahoma.<\/p>\n<p class=\"body-text-paragraph\">Jahn worked assembling and installing solar panels in the Dallas-Fort Worth area about eight years ago, according to a former employer. His LinkedIn profile also listed previous employment at fast food and retail stores in Allen, including at Domino\u2019s and Target. <\/p>\n<p class=\"body-text-paragraph\">Ryan Sanderson owns the legal cannabis farm in Washington state where Jahn worked temporarily around 2017. Sanderson said Jahn drove from Texas to Washington and spent months sleeping in his car while working at the farm harvesting the plant.<\/p>\n<p class=\"body-text-paragraph\">\u201cI thought that was a little odd,\u201d Sanderson said in the interview. \u201cHe was \u2026 very interested in marijuana.\u201d<\/p>\n<p class=\"body-text-paragraph\">At the time, Jahn was a trim man in his early 20s, Sanderson remembers, a \u201cregular, soft-spoken guy \u2026 just like anybody else his age\u201d that didn\u2019t discuss politics or show any violent tendencies. <\/p>\n<p class=\"body-text-paragraph\">\u201cHe fit right in,\u201d Sanderson said. \u201cHe was just a normal kid \u2026 trying to find his way.\u201d<\/p>\n<p class=\"body-text-paragraph\">Collin County records show Jahn pleaded guilty to a felony marijuana charge in a Texas court in 2016. He was placed on probation and paid fines for delivering between a quarter ounce and five pounds of marijuana the year before.<\/p>\n<p class=\"body-text-paragraph\">Fairview police said other than his drug charge, filed by Allen police, Jahn did not raise any red flags for the department. <\/p>\n<p class=\"body-text-paragraph\">\u201cHe was not on our radar,\u201d Fairview Police Chief Chris Chandler said in an interview. \u201cWe had no history with him.\u201d<\/p>\n<p class=\"body-text-paragraph\">Jahn left behind some evidence of his motivation but how he became the person who was capable of his final fatal actions might never be fully understood \u2014 and is open to speculation. <\/p>\n<p class=\"body-text-paragraph\">Ronald Levant, an author and professor emeritus of psychology at The University of Akron, researches male psychology and gun violence. The Violence Prevention Project reports 98% of mass shootings are committed by male shooters. <\/p>\n<p class=\"body-text-paragraph\">Based on what he\u2019s read and heard in media accounts, Levant believes Jahn had not yet developed what he terms an \u201cadult life structure,\u201d which is defined by having a permanent partner and employment. Levant said that may have contributed to his resentment.<\/p>\n<p class=\"body-text-paragraph\">\u201cYoung men whose lives are not working out \u2026 are very resentful,\u201d Levant said in an interview. \u201cThese men feel they\u2019ve been screwed over, they\u2019ve been slighted, they\u2019ve been oppressed and they\u2019re angry as hell. And if the right circumstances emerge, i.e. the possession of a gun, a specific target that the man focuses his resentment on, it\u2019s very likely that a shooting will occur.\u201d<\/p>\n<p class=\"body-text-paragraph\">Whether that broad characterization can be applied specifically to Jahn remains an open question.<\/p>\n<p><img decoding=\"async\" loading=\"lazy\" style=\"aspect-ratio:4096 \/ 2732\"   class=\"dmnc_images-modern-image-module__QFaG- max-w-full h-auto text-white dmnc_images-modern-image-module__9Zlll bg-gray-light object-contain\" width=\"4096\" height=\"2732\" src=\"https:\/\/www.europesays.com\/us\/wp-content\/uploads\/2025\/10\/37D7WFHDNRCDVJ54HGQVYEV22Q.jpg\" alt=\"Nancy Larson, the acting U.S. attorney for the Northern District of Texas, speaks at a press...\"\/><\/p>\n<p>Nancy Larson, the acting U.S. attorney for the Northern District of Texas, speaks at a press conference regarding Wednesday&#8217;s shooting at an ICE facility in Dallas on Sept. 25, 2025. <\/p>\n<p>Azul Sordo \/ Staff Photographer<\/p>\n<p>Related<\/p>\n<p><img loading=\"lazy\" decoding=\"async\" style=\"aspect-ratio:190 \/ 127\" class=\"dmnc_features-article-body-embeds-related-story-module__2UraD flex-none object-cover dmnc_images-modern-image-module__QFaG- max-w-full h-auto text-white dmnc_images-modern-image-module__9Zlll bg-gray-light object-contain dmnc_images-modern-image-module__P3kZ4 w-full\" width=\"190\" height=\"127\" src=\"https:\/\/www.europesays.com\/us\/wp-content\/uploads\/2025\/10\/JJO6K7KTLBDZHESYMNEEITBOOE.jpg\" alt=\"A white-nationalist sticker affixed to a traffic-light pole at Harwood and Jackson streets...\"\/>A rattled suburb<\/p>\n<p class=\"body-text-paragraph\">Collin College, a community college with campuses across Collin County, confirmed that Jahn attended the school at various times between Spring 2013 and 2018. He previously studied mechanical engineering at The University of Texas at Dallas from 2014 to 2016. The university\u2019s admission\u2019s office confirmed he failed most of his classes.<\/p>\n<p class=\"body-text-paragraph\">Jahn graduated from Allen High School in 2014 and was enrolled in Allen Independent School District from kindergarten to his senior year, the district confirmed. He attended Anderson Elementary and Curtis Middle School. <\/p>\n<p class=\"body-text-paragraph\">Several former students who went to school with Jahn at Allen High School said they did not remember him. Neighbors said they did not know him well and were shocked by news of the Sept. 24 shooting.<\/p>\n<p class=\"body-text-paragraph\">That feeling was felt across the Fairview community.<\/p>\n<p class=\"body-text-paragraph\">The town of about 11,000 nestled 30 miles north of Dallas between Allen and McKinney is known for maintaining a more rural character than surrounding areas. A city ordinance here restricts light pollution and protects dark skies. The city\u2019s slogan is \u201cKeeping it Country.\u201d<\/p>\n<p class=\"body-text-paragraph\">\u201cThere\u2019s kind of a somber mood in the community in Fairview,\u201d Mayor John Hubbard said in the days following the attack, disheartened by recent political violence. \u201cI think we\u2019re seeing it not just in North Texas. I think we\u2019re seeing it everywhere.\u201d<\/p>\n<p class=\"body-text-paragraph\">It\u2019s not the first time the area has experienced or been connected to tragic violence. Nearby Allen was the site of a 2023 mass shooting at a shopping mall where a gunman fatally shot eight people and injured others. Gunman Patrick Crusius, who killed nearly two dozen people in a racist attack at an El Paso Walmart in 2019, is from Allen, and attended Collin College during the same timeframe as Jahn. <\/p>\n<p class=\"body-text-paragraph\">In a public Facebook post in 2022, Jahn\u2019s mother criticized Texas\u2019 gun laws, accusing state leaders of not addressing gun violence and failing residents. Sharon Jahn quoted a song by Jacques Brel in one post.<\/p>\n<p class=\"body-text-paragraph\">\u201cIf we only have love \/ We can melt all the guns \/ And then give the new world \/ To our daughters and sons,\u201d the post stated.<\/p>\n<p class=\"body-text-paragraph\">Sharon Jahn\u2019s LinkedIn post shows she worked at a massage school in Plano. The suspected gunman\u2019s father, Andrew Jahn, retired in 2020, according to his LinkedIn profile, after a 36-year career as a mechanical engineer. Records and social media posts also suggest the family has a daughter.<\/p>\n<p class=\"body-text-paragraph\">Multiple attempts to reach Jahn\u2019s family by phone were unsuccessful. <\/p>\n<p><img decoding=\"async\" loading=\"lazy\" style=\"aspect-ratio:4096 \/ 2504\"   class=\"dmnc_images-modern-image-module__QFaG- max-w-full h-auto text-white dmnc_images-modern-image-module__9Zlll bg-gray-light object-contain\" width=\"4096\" height=\"2504\" src=\"https:\/\/www.europesays.com\/us\/wp-content\/uploads\/2025\/10\/FUQRZGJUPRGO5KOJDXUBSVL3SU.jpg\" alt=\"The scene at Wynford Court, in Fairview, Texas, Wednesday, September 24, 2025. \"\/><\/p>\n<p>The scene at Wynford Court, in Fairview, Texas, Wednesday, September 24, 2025. <\/p>\n<p>Anja Schlein \/ Special Contributor<\/p>\n<p>Related<\/p>\n<p><img loading=\"lazy\" decoding=\"async\" style=\"aspect-ratio:190 \/ 127\" class=\"dmnc_features-article-body-embeds-related-story-module__2UraD flex-none object-cover dmnc_images-modern-image-module__QFaG- max-w-full h-auto text-white dmnc_images-modern-image-module__9Zlll bg-gray-light object-contain dmnc_images-modern-image-module__P3kZ4 w-full\" width=\"190\" height=\"127\" src=\"https:\/\/www.europesays.com\/us\/wp-content\/uploads\/2025\/10\/DSBCFWHCK5D6JEWUU2QZRS47JQ.jpg\" alt=\"U.S. Reps. Jasmine Crockett, D-Dallas, and Marc Veasey, D-Fort Worth, outside FBI...\"\/>A planned attack <\/p>\n<p class=\"body-text-paragraph\">Although some who knew him were surprised by Jahn\u2019s actions, investigators said Jahn planned the attack extensively. <\/p>\n<p class=\"body-text-paragraph\">FBI Director Kash Patel wrote in a post on X that the suspect downloaded a document containing a list of Department of Homeland Security facilities, searched several times for \u201cballistics\u201d and for the video of Charlie Kirk\u2019s assassination in the days before the shooting. Last month, he searched several apps that track the movements of ICE agents.<\/p>\n<p class=\"body-text-paragraph\">An email address and phone number associated with Jahn are linked to several social media accounts and have similar usernames to accounts on Reddit and Myspace.<\/p>\n<p class=\"body-text-paragraph\">Authorities said Jahn likely deleted evidence from his devices. Investigators did not find evidence of membership to specific groups.<\/p>\n<p class=\"body-text-paragraph\">Public records show Jahn owned a 2016 Toyota parked outside a building near the ICE office early Wednesday. Investigators said the car was seen with a large ladder attached hours before the shooting. <\/p>\n<p class=\"body-text-paragraph\">Federal officials said Jahn legally obtained the rifle he used in the shooting, an 8mm bolt-action rifle, in August. His brother told NBC that the family had a rifle Joshua Jahn knew how to use, but said he did not think his brother would have been able to fire accurately on the Dallas field office from a nearby roof, where he was found dead.<\/p>\n<p><a class=\"dmnc_features-article-body-embeds-subject-tag-list-with-images-list-with-images-module__P4zn3 inline-block pr-8 shrink-0 w-auto flex flex-col\" href=\"https:\/\/www.dallasnews.com\/news\/crime\/2025\/09\/30\/family-says-mexican-man-shot-at-dallas-ice-office-has-died-making-him-2nd-detainee-killed\/\" target=\"_blank\" rel=\"noopener\"><img decoding=\"async\" loading=\"lazy\" style=\"aspect-ratio:190 \/ 127\" class=\"dmnc_features-article-body-embeds-subject-tag-list-with-images-list-with-images-module__6H-hI dmnc_images-modern-image-module__QFaG- max-w-full h-auto text-white dmnc_images-modern-image-module__9Zlll bg-gray-light object-contain\" width=\"190\" height=\"127\" src=\"https:\/\/www.europesays.com\/us\/wp-content\/uploads\/2025\/10\/T4VDUGUDLBFNNGE5ESJYNSPXQM.jpg\" alt=\"The Brown Berets host a vigil outside of Parkland Hospital for migrants shot the previous...\"\/><\/a><a href=\"https:\/\/www.dallasnews.com\/news\/crime\/2025\/09\/30\/family-says-mexican-man-shot-at-dallas-ice-office-has-died-making-him-2nd-detainee-killed\/\" target=\"_blank\" rel=\"noopener\">Family says Mexican man shot at Dallas ICE office has died, making him 2nd detainee killed<\/a><\/p>\n<p>The family confirmed in a statement that he died after being taken off of life support.<\/p>\n<p><a class=\"dmnc_features-article-body-embeds-subject-tag-list-with-images-list-with-images-module__P4zn3 inline-block pr-8 shrink-0 w-auto flex flex-col\" href=\"https:\/\/www.dallasnews.com\/news\/immigration\/2025\/10\/02\/venezuelan-injured-in-dallas-ice-shooting-released-from-hospital-in-custody-ice-says\/\" target=\"_blank\" rel=\"noopener\"><img decoding=\"async\" loading=\"lazy\" style=\"aspect-ratio:190 \/ 127\" class=\"dmnc_features-article-body-embeds-subject-tag-list-with-images-list-with-images-module__6H-hI dmnc_images-modern-image-module__QFaG- max-w-full h-auto text-white dmnc_images-modern-image-module__9Zlll bg-gray-light object-contain\" width=\"190\" height=\"127\" src=\"https:\/\/www.europesays.com\/us\/wp-content\/uploads\/2025\/10\/AVJ7JBHPONCI5BN6X55QCJLZXI.jpg\" alt=\"A sign outside of the main entrance to the Dallas Immigration and Customs Enforcement office...\"\/><\/a><a href=\"https:\/\/www.dallasnews.com\/news\/immigration\/2025\/10\/02\/venezuelan-injured-in-dallas-ice-shooting-released-from-hospital-in-custody-ice-says\/\" target=\"_blank\" rel=\"noopener\">Venezuelan injured in Dallas ICE shooting out of hospital, ICE says <\/a><\/p>\n<p>Jose Andres Bordones-Molina is at an ICE detention center south of Fort Worth. <\/p>\n","protected":false},"excerpt":{"rendered":"FAIRVIEW \u2014 Just off Country Club Road here, a narrow street without sidewalks winds past well-kept lawns and&hellip;\n","protected":false},"author":3,"featured_media":275470,"comment_status":"","ping_status":"","sticky":false,"template":"","format":"standard","meta":{"footnotes":""},"categories":[5135],"tags":[13358,5229,7583,4219,1596,134303,80,358,3187,67,586,132,5230,68,2969],"class_list":{"0":"post-275469","1":"post","2":"type-post","3":"status-publish","4":"format-standard","5":"has-post-thumbnail","7":"category-dallas","8":"tag-allen","9":"tag-america","10":"tag-collin-county","11":"tag-crime","12":"tag-dallas","13":"tag-ice-office-shooting","14":"tag-politics","15":"tag-texas","16":"tag-tx","17":"tag-united-states","18":"tag-united-states-of-america","19":"tag-unitedstates","20":"tag-unitedstatesofamerica","21":"tag-us","22":"tag-usa"},"share_on_mastodon":{"url":"https:\/\/pubeurope.com\/@us\/115312220919669584","error":""},"_links":{"self":[{"href":"https:\/\/www.europesays.com\/us\/wp-json\/wp\/v2\/posts\/275469","targetHints":{"allow":["GET"]}}],"collection":[{"href":"https:\/\/www.europesays.com\/us\/wp-json\/wp\/v2\/posts"}],"about":[{"href":"https:\/\/www.europesays.com\/us\/wp-json\/wp\/v2\/types\/post"}],"author":[{"embeddable":true,"href":"https:\/\/www.europesays.com\/us\/wp-json\/wp\/v2\/users\/3"}],"replies":[{"embeddable":true,"href":"https:\/\/www.europesays.com\/us\/wp-json\/wp\/v2\/comments?post=275469"}],"version-history":[{"count":0,"href":"https:\/\/www.europesays.com\/us\/wp-json\/wp\/v2\/posts\/275469\/revisions"}],"wp:featuredmedia":[{"embeddable":true,"href":"https:\/\/www.europesays.com\/us\/wp-json\/wp\/v2\/media\/275470"}],"wp:attachment":[{"href":"https:\/\/www.europesays.com\/us\/wp-json\/wp\/v2\/media?parent=275469"}],"wp:term":[{"taxonomy":"category","embeddable":true,"href":"https:\/\/www.europesays.com\/us\/wp-json\/wp\/v2\/categories?post=275469"},{"taxonomy":"post_tag","embeddable":true,"href":"https:\/\/www.europesays.com\/us\/wp-json\/wp\/v2\/tags?post=275469"}],"curies":[{"name":"wp","href":"https:\/\/api.w.org\/{rel}","templated":true}]}}