{"id":320522,"date":"2025-10-21T06:41:08","date_gmt":"2025-10-21T06:41:08","guid":{"rendered":"https:\/\/www.europesays.com\/us\/320522\/"},"modified":"2025-10-21T06:41:08","modified_gmt":"2025-10-21T06:41:08","slug":"el-paso-date-set-for-2026-how-to-get-tickets","status":"publish","type":"post","link":"https:\/\/www.europesays.com\/us\/320522\/","title":{"rendered":"El Paso date set for 2026; how to get tickets"},"content":{"rendered":"<p>Chicago, one of the longest running groups of all time, will bring its tour to El Paso.<\/p>\n<p>The band, now in its 58th touring season, will perform March 4, at the Plaza Theatre.<\/p>\n<p>Tickets will go on sale at 10 a.m. on Friday, Oct. 24 via <a href=\"https:\/\/www.ticketmaster.com\/chicago-el-paso-texas-03-04-2026\/event\/0C00634E94A929C0\" data-type=\"link\" data-id=\"https:\/\/www.ticketmaster.com\/chicago-el-paso-texas-03-04-2026\/event\/0C00634E94A929C0\" rel=\"nofollow noopener\" target=\"_blank\">Ticketmaster.com<\/a>.<\/p>\n<p>Chicago is one of the highest charting American bands in the Billboard&#8217;s. In five consecutive decades Chicago has earned an impressive 47 gold and Platinum awards throughout its career.<\/p>\n<p>In 2020, Chicago was awarded a Grammy for the lifetime achievement award from the Recording Academy.<\/p>\n<p class=\"related-link\"><strong style=\"margin-right:3px\">More: <\/strong><a href=\"https:\/\/www.elpasotimes.com\/story\/entertainment\/television\/2025\/10\/16\/when-is-the-new-season-of-bridgerton-coming-out-season-4-details\/86719492007\/\" rel=\"noreferrer nofollow noopener\" target=\"_blank\">When is the new season of &#8216;Bridgerton&#8217; coming out? Season 4 details for Netflix release<\/a><\/p>\n<p>Mar\u00eda Cort\u00e9s Gonz\u00e1lez may be reached at 915-546-6150;\u00a0mcortes@elpasotimes.com; @eptmaria.bsky.social on Bluesky,\u00a0and @eptmariacg on TikTok.<\/p>\n","protected":false},"excerpt":{"rendered":"Chicago, one of the longest running groups of all time, will bring its tour to El Paso. The&hellip;\n","protected":false},"author":3,"featured_media":320523,"comment_status":"","ping_status":"","sticky":false,"template":"","format":"standard","meta":{"footnotes":"","_share_on_mastodon":"0"},"categories":[5124],"tags":[647,648,185,665,960,5497,18824,54975,31126,171,2576,38519,2104,5386,1818,425,666,975,50,450,1457,54976,4000,4006,1451,983,4185,2432,38518,3187,646],"class_list":["post-320522","post","type-post","status-publish","format-standard","has-post-thumbnail","category-chicago","tag-affiliate","tag-arts","tag-celebrities","tag-celebrities-u0026-entertainment-news","tag-chicago","tag-concerts","tag-concerts-u0026-music-festivals","tag-el","tag-el-paso","tag-entertainment","tag-event","tag-event-ticket-sales","tag-festivals","tag-il","tag-illinois","tag-local","tag-local-affiliate-arts-u0026-entertainment","tag-music","tag-news","tag-overall","tag-overall-positive","tag-paso","tag-pop","tag-pop-music","tag-positive","tag-rock","tag-rock-music","tag-sales","tag-ticket","tag-tx","tag-u0026"],"share_on_mastodon":{"url":"https:\/\/pubeurope.com\/@us\/115410795521007069","error":""},"_links":{"self":[{"href":"https:\/\/www.europesays.com\/us\/wp-json\/wp\/v2\/posts\/320522","targetHints":{"allow":["GET"]}}],"collection":[{"href":"https:\/\/www.europesays.com\/us\/wp-json\/wp\/v2\/posts"}],"about":[{"href":"https:\/\/www.europesays.com\/us\/wp-json\/wp\/v2\/types\/post"}],"author":[{"embeddable":true,"href":"https:\/\/www.europesays.com\/us\/wp-json\/wp\/v2\/users\/3"}],"replies":[{"embeddable":true,"href":"https:\/\/www.europesays.com\/us\/wp-json\/wp\/v2\/comments?post=320522"}],"version-history":[{"count":0,"href":"https:\/\/www.europesays.com\/us\/wp-json\/wp\/v2\/posts\/320522\/revisions"}],"wp:featuredmedia":[{"embeddable":true,"href":"https:\/\/www.europesays.com\/us\/wp-json\/wp\/v2\/media\/320523"}],"wp:attachment":[{"href":"https:\/\/www.europesays.com\/us\/wp-json\/wp\/v2\/media?parent=320522"}],"wp:term":[{"taxonomy":"category","embeddable":true,"href":"https:\/\/www.europesays.com\/us\/wp-json\/wp\/v2\/categories?post=320522"},{"taxonomy":"post_tag","embeddable":true,"href":"https:\/\/www.europesays.com\/us\/wp-json\/wp\/v2\/tags?post=320522"}],"curies":[{"name":"wp","href":"https:\/\/api.w.org\/{rel}","templated":true}]}}