{"id":332110,"date":"2025-10-25T18:39:13","date_gmt":"2025-10-25T18:39:13","guid":{"rendered":"https:\/\/www.europesays.com\/us\/332110\/"},"modified":"2025-10-25T18:39:13","modified_gmt":"2025-10-25T18:39:13","slug":"relics-of-st-therese-to-visit-san-antonio-for-first-time-since-1999","status":"publish","type":"post","link":"https:\/\/www.europesays.com\/us\/332110\/","title":{"rendered":"Relics of St. Th\u00e9r\u00e8se to visit San Antonio for first time since 1999"},"content":{"rendered":"<p>The relics of St. Th\u00e9r\u00e8se of Lisieux, one of the most beloved saints in the Catholic Church, are returning to San Antonio for the first time in over two decades.\u00a0<\/p>\n<p>From Oct. 31 to Nov. 4, the Basilica of the National Shrine of the Little Flower will open its doors to venerate the relics of St. Th\u00e9r\u00e8se. The visit will feature special Masses, ceremonies and prayer services.<\/p>\n<p>Never miss San Antonio Report&#8217;s biggest stories.<\/p>\n<p class=\"has-small-font-size\">Sign up for <strong>The Recap<\/strong>, a newsletter rundown of the most important news, delivered every Monday and Thursday.<\/p>\n<p>The five-day visit begins with a welcome ceremony at 5:45 p.m. on Friday, followed by Mass with Archbishop Gustavo Garcia-Siller at 6 p.m. and public veneration from 7 p.m. to 10 p.m. The basilica will then remain open for veneration Saturday through Monday from 6 a.m. to 11 p.m. and Tuesday from 5 a.m. to 8 a.m.\u00a0<\/p>\n<p>On Tuesday there will be a 6 a.m. Mass with mariachi before the relics\u2019 departure at 8 a.m.\u00a0<\/p>\n<p><a href=\"https:\/\/www.instagram.com\/sareport\/?utm_source=sareport-org&amp;utm_medium=website&amp;utm_campaign=instagram-folo\" target=\"_blank\" rel=\"noopener\"><img loading=\"lazy\" data-recalc-dims=\"1\" decoding=\"async\" src=\"https:\/\/www.europesays.com\/us\/wp-content\/uploads\/2025\/10\/1761417552_736_Follow-us-on-Instagram.png\" alt=\"\" class=\"wp-image-5232125\" width=\"289\" height=\"89\"  \/><\/a><\/p>\n<p>This marks the first time the relics have been in San Antonio since 1999, when an estimated 75,000 people visited the basilica. This year, organizers are expecting close to 100,000 people to visit over the five days, said Father Gregory Ross, a priest at the basilica.\u00a0<\/p>\n<p>The estimate came from \u201cthe increase in publicity through social media these days, and the growth in San Antonio itself. There are just more people here than there were in 1999,\u201d Ross said.\u00a0<\/p>\n<p>He said the basilica is working with the City of San Antonio and a private security firm to manage the crowds and ensure visitors can pray and venerate safely.\u00a0<\/p>\n<p>The relics of St. Th\u00e9r\u00e8se have traveled the world since 1997, when the centennial of her death inspired a global pilgrimage. Before coming to San Antonio this year, Ross said the relics visited cities along the West Coast and in the Detroit area.\u00a0 <\/p>\n<p><img loading=\"lazy\" data-recalc-dims=\"1\" decoding=\"async\" width=\"780\" height=\"547\" src=\"https:\/\/www.europesays.com\/us\/wp-content\/uploads\/2025\/10\/CentenaryReliquary_\u00a9Sanctuarye-of-Lisieux-1.jpg\" alt=\"\" class=\"wp-image-5419160\"  \/>The relics of St. Th\u00e9r\u00e8se of Lisieux on display.<br \/>\n Credit: Courtesy \/ Little Flower Basilica staff from Sanctuary of Lisieux<\/p>\n<p>What\u2019s special about the relics\u2019 visit to San Antonio is that the Basilica of the National Shrine of the Little Flower is the first national shrine dedicated to St. Th\u00e9r\u00e8se in the United States.\u00a0<\/p>\n<p>\u201cThere\u2019s almost a sense that, you know, she\u2019s coming home to be with us for a few days, and we expect a lot of people who are devoted to St. Th\u00e9r\u00e8se to pass through the basilica,\u201d Ross said.<\/p>\n<p>After the San Antonio visit, the relics will visit Lafayette, Louisiana; Little Rock, Arkansas; St. Louis, Missouri; Holy Hill, Wisconsin; Washington, D.C.; and Miami, Florida \u2014 sites connected to the Discalced Carmelite Order, the community to which St. Th\u00e9r\u00e8se belonged, Ross explained.\u00a0<\/p>\n<p>The relics\u2019 home base is in Lisieux, France, where St. Th\u00e9r\u00e8se lived, died and was buried.<\/p>\n<p>Nicknamed \u201cThe Little Flower,\u201d St. Th\u00e9r\u00e8se is most known for her autobiography, \u201cThe Story of a Soul,\u201d written at the request of her sisters. Ross said it\u2019s one of the most popular books of Catholic spirituality.\u00a0\u00a0<\/p>\n<p>\u201cShe called herself the little flower of Jesus,\u201d Ross said. \u201cIn other words, she was just one of those little, kind of unremarkable, so to speak, in the eyes of the world, flowers, just like everybody else. And yet, she says God loves each one as if they were the only one.\u201d\u00a0\u00a0<\/p>\n<p>The relics\u2019 journey around the globe coincides with the 100th anniversary of St. Th\u00e9r\u00e8se\u2019s canonization and 2025 being declared the Jubilee Year of Hope by Pope Francis before his death.\u00a0<\/p>\n<p>\u201cSt. Th\u00e9r\u00e8se is really a messenger of hope. She lived constantly with that, putting all her hope in the Lord \u2026 so this visit really is a great event to have during this Jubilee Year of Hope,\u201d Ross said.\u00a0<\/p>\n<p>The relics of the Saints Louis and Z\u00e9lie Martin, St. Th\u00e9r\u00e8se\u2019s parents, will also be available for veneration in a small museum space in the basilica\u2019s basement.\u00a0<\/p>\n<p>Ross encourages visitors to park at Wonderland of the Americas Mall, where VIA will provide a $2.50 round-trip shuttle to the basilica throughout the visit. Handicap parking spaces will be available at basilica, but general parking nearby will be limited. <\/p>\n<p>\u201cWe really need to make sure people plan their visit so that they don\u2019t end up just driving around without a place to park,\u201d Ross said.\u00a0\u00a0 <\/p>\n<p>Find the full schedule of events and more information at <a href=\"https:\/\/littleflowerbasilica.org\/relics-2025\" target=\"_blank\" rel=\"noreferrer noopener\">the basilica\u2019s website<\/a>.\u00a0<\/p>\n<p class=\"has-large-font-size\" style=\"padding-right:var(--wp--preset--spacing--50);padding-left:var(--wp--preset--spacing--50)\"><strong>Are you doing your part?<\/strong><\/p>\n<p style=\"padding-right:var(--wp--preset--spacing--50);padding-left:var(--wp--preset--spacing--50)\">You\u2019ve read <strong>unlimited<\/strong> of <strong>unlimited<\/strong> articles this month. That\u2019s right \u2014 we\u2019re committed to providing free, fair journalism for all.<\/p>\n<p style=\"padding-right:var(--wp--preset--spacing--50);padding-left:var(--wp--preset--spacing--50)\">But without donor support, our nonprofit newsroom can\u2019t do its job to inform and empower your community.<\/p>\n<p class=\"has-white-color has-text-color has-link-color wp-elements-b986f7195f67e33843de8a2e61bd22d6\" style=\"padding-right:var(--wp--preset--spacing--50);padding-left:var(--wp--preset--spacing--50)\"><strong>Are you in? Your donation of any amount will help keep articles like this one accessible to all San Antonians.<\/strong><\/p>\n<p>\t<script async src=\"\/\/www.instagram.com\/embed.js\"><\/script><\/p>\n","protected":false},"excerpt":{"rendered":"The relics of St. Th\u00e9r\u00e8se of Lisieux, one of the most beloved saints in the Catholic Church, are&hellip;\n","protected":false},"author":3,"featured_media":332111,"comment_status":"","ping_status":"","sticky":false,"template":"","format":"standard","meta":{"footnotes":""},"categories":[5133],"tags":[5229,43961,15704,164775,90692,164776,7202,7203,164777,164778,358,7453,3187,7815,67,586,132,5230,68,2969,164779,7819],"class_list":{"0":"post-332110","1":"post","2":"type-post","3":"status-publish","4":"format-standard","5":"has-post-thumbnail","7":"category-san-antonio","8":"tag-america","9":"tag-icymi","10":"tag-mass","11":"tag-national-shrine-of-the-little-flower","12":"tag-prayer","13":"tag-relics-of-st-therese","14":"tag-san-antonio","15":"tag-sanantonio","16":"tag-st-therese","17":"tag-st-therese-of-lisieux","18":"tag-texas","19":"tag-top-story","20":"tag-tx","21":"tag-typedaily","22":"tag-united-states","23":"tag-united-states-of-america","24":"tag-unitedstates","25":"tag-unitedstatesofamerica","26":"tag-us","27":"tag-usa","28":"tag-veneration","29":"tag-wc-500-750"},"share_on_mastodon":{"url":"https:\/\/pubeurope.com\/@us\/115436268794486212","error":""},"_links":{"self":[{"href":"https:\/\/www.europesays.com\/us\/wp-json\/wp\/v2\/posts\/332110","targetHints":{"allow":["GET"]}}],"collection":[{"href":"https:\/\/www.europesays.com\/us\/wp-json\/wp\/v2\/posts"}],"about":[{"href":"https:\/\/www.europesays.com\/us\/wp-json\/wp\/v2\/types\/post"}],"author":[{"embeddable":true,"href":"https:\/\/www.europesays.com\/us\/wp-json\/wp\/v2\/users\/3"}],"replies":[{"embeddable":true,"href":"https:\/\/www.europesays.com\/us\/wp-json\/wp\/v2\/comments?post=332110"}],"version-history":[{"count":0,"href":"https:\/\/www.europesays.com\/us\/wp-json\/wp\/v2\/posts\/332110\/revisions"}],"wp:featuredmedia":[{"embeddable":true,"href":"https:\/\/www.europesays.com\/us\/wp-json\/wp\/v2\/media\/332111"}],"wp:attachment":[{"href":"https:\/\/www.europesays.com\/us\/wp-json\/wp\/v2\/media?parent=332110"}],"wp:term":[{"taxonomy":"category","embeddable":true,"href":"https:\/\/www.europesays.com\/us\/wp-json\/wp\/v2\/categories?post=332110"},{"taxonomy":"post_tag","embeddable":true,"href":"https:\/\/www.europesays.com\/us\/wp-json\/wp\/v2\/tags?post=332110"}],"curies":[{"name":"wp","href":"https:\/\/api.w.org\/{rel}","templated":true}]}}