{"id":362921,"date":"2025-11-07T20:14:14","date_gmt":"2025-11-07T20:14:14","guid":{"rendered":"https:\/\/www.europesays.com\/us\/362921\/"},"modified":"2025-11-07T20:14:14","modified_gmt":"2025-11-07T20:14:14","slug":"two-teen-boys-shot-in-north-philadelphia-police-investigating-nbc10-philadelphia","status":"publish","type":"post","link":"https:\/\/www.europesays.com\/us\/362921\/","title":{"rendered":"Two teen boys shot in North Philadelphia; police investigating \u2013 NBC10 Philadelphia"},"content":{"rendered":"<p>Two teens are hospitalized after a shooting in North Philadelphia Friday afternoon, police said. <\/p>\n<p>According to the Philadelphia Police Department, just before 2 p.m. on Friday, November 7, 2025, officers responded to a shooting on the 2200 block of North 10th Street.<\/p>\n<p><a href=\"https:\/\/www.telemundo62.com\/noticias\/local\/violencia-armada\/tiroteo-north-10th-street-filadelfia-dos-heridos\/2538572\/\" target=\"_blank\" rel=\"noopener\">L\u00e9elo en espa\u00f1ol aqu\u00ed<\/a>.<\/p>\n<p>Police said two 17-year-old boys were found with gunshot wounds and taken to an area hospital, where they are now in stable condition. <\/p>\n<p>According to police, no further information is available at this time. <\/p>\n","protected":false},"excerpt":{"rendered":"Two teens are hospitalized after a shooting in North Philadelphia Friday afternoon, police said. According to the Philadelphia&hellip;\n","protected":false},"author":3,"featured_media":362922,"comment_status":"","ping_status":"","sticky":false,"template":"","format":"standard","meta":{"footnotes":""},"categories":[5132],"tags":[5229,4222,12631,1448,2830,1311,67,586,132,5230,68,2969],"class_list":{"0":"post-362921","1":"post","2":"type-post","3":"status-publish","4":"format-standard","5":"has-post-thumbnail","7":"category-philadelphia","8":"tag-america","9":"tag-gun-violence","10":"tag-north-philadelphia","11":"tag-pa","12":"tag-pennsylvania","13":"tag-philadelphia","14":"tag-united-states","15":"tag-united-states-of-america","16":"tag-unitedstates","17":"tag-unitedstatesofamerica","18":"tag-us","19":"tag-usa"},"share_on_mastodon":{"url":"https:\/\/pubeurope.com\/@us\/115510252055329157","error":""},"_links":{"self":[{"href":"https:\/\/www.europesays.com\/us\/wp-json\/wp\/v2\/posts\/362921","targetHints":{"allow":["GET"]}}],"collection":[{"href":"https:\/\/www.europesays.com\/us\/wp-json\/wp\/v2\/posts"}],"about":[{"href":"https:\/\/www.europesays.com\/us\/wp-json\/wp\/v2\/types\/post"}],"author":[{"embeddable":true,"href":"https:\/\/www.europesays.com\/us\/wp-json\/wp\/v2\/users\/3"}],"replies":[{"embeddable":true,"href":"https:\/\/www.europesays.com\/us\/wp-json\/wp\/v2\/comments?post=362921"}],"version-history":[{"count":0,"href":"https:\/\/www.europesays.com\/us\/wp-json\/wp\/v2\/posts\/362921\/revisions"}],"wp:featuredmedia":[{"embeddable":true,"href":"https:\/\/www.europesays.com\/us\/wp-json\/wp\/v2\/media\/362922"}],"wp:attachment":[{"href":"https:\/\/www.europesays.com\/us\/wp-json\/wp\/v2\/media?parent=362921"}],"wp:term":[{"taxonomy":"category","embeddable":true,"href":"https:\/\/www.europesays.com\/us\/wp-json\/wp\/v2\/categories?post=362921"},{"taxonomy":"post_tag","embeddable":true,"href":"https:\/\/www.europesays.com\/us\/wp-json\/wp\/v2\/tags?post=362921"}],"curies":[{"name":"wp","href":"https:\/\/api.w.org\/{rel}","templated":true}]}}