{"id":373127,"date":"2025-11-12T04:45:13","date_gmt":"2025-11-12T04:45:13","guid":{"rendered":"https:\/\/www.europesays.com\/us\/373127\/"},"modified":"2025-11-12T04:45:13","modified_gmt":"2025-11-12T04:45:13","slug":"the-first-permanent-pokemon-theme-park-opens-in-february-2026","status":"publish","type":"post","link":"https:\/\/www.europesays.com\/us\/373127\/","title":{"rendered":"The first permanent Pok\u00e9mon theme park opens in February 2026"},"content":{"rendered":"<p class=\"col-body mb-4 leading-7 text-[18px] md:leading-8 break-words min-w-0 charcoal-color\"><a class=\"link \" href=\"https:\/\/www.pokepark-kanto.co.jp\/ppark\/about\/ppark\/index\" data-i13n=\"cpos:1;pos:1\" rel=\"nofollow noopener\" target=\"_blank\" data-ylk=\"slk:Pok\u00e9Park Kanto;cpos:1;pos:1;elm:context_link;itc:0;sec:content-canvas\">Pok\u00e9Park Kanto<\/a>, the first permanent Pok\u00e9mon theme park, will open its doors on February 5, 2026. Previous Pok\u00e9mon parks and <a class=\"link \" href=\"https:\/\/www.engadget.com\/universal-studios-japan-partners-with-pokemon-on-new-in-park-entertainment-103504372.html\" data-i13n=\"cpos:2;pos:1\" data-ylk=\"slk:attractions;cpos:2;pos:1;elm:context_link;itc:0;sec:content-canvas\" rel=\"nofollow noopener\" target=\"_blank\">attractions<\/a> existed in the past, but they were only open for a limited time. Pok\u00e9Park Kanto will be located inside the Yomiuriland amusement park in Tokyo, Japan and will require an add-on pass to enter. Visitors will have to go through a \u201cPok\u00e9mon Research Lab\u201d building, which serves as the gateway to the park\u2019s two sections: Pok\u00e9mon Forest and Sedge Town<\/p>\n<p class=\"col-body mb-4 leading-7 text-[18px] md:leading-8 break-words min-w-0 charcoal-color\">The Pok\u00e9mon Forest is exactly what it sounds like. It\u2019s a stretch of land with hills, paths with tall grass, rocky trails and tunnels where visitors will see Pok\u00e9mon in their natural habitats. The Pok\u00e9mon statues are posed to show that they\u2019re engaging in various activities, such as battling or playing with friends.<\/p>\n<p class=\"col-body mb-4 leading-7 text-[18px] md:leading-8 break-words min-w-0 charcoal-color\">Meanwhile, Sedge Town is the town center where visitors will find the Pok\u00e9mon Center and Pok\u00e9 Mart, which sounds like a place where they can buy some refreshments. In addition to the main attractions, Pok\u00e9Park Kanto will feature Pika Pika Paradise, a ride featuring over 30 electric-type Pok\u00e9mon. There\u2019s also Vee Vee Voyage, a carousel featuring carriages pulled by Ponyta and Rapidash, as well as balloons where visitors can ride with Eevee.<\/p>\n<p class=\"col-body mb-4 leading-7 text-[18px] md:leading-8 break-words min-w-0 charcoal-color\">We\u2019ve yet to see actual photos of the park, but the trailer below will give you a glimpse of what you can expect.<\/p>\n","protected":false},"excerpt":{"rendered":"Pok\u00e9Park Kanto, the first permanent Pok\u00e9mon theme park, will open its doors on February 5, 2026. Previous Pok\u00e9mon&hellip;\n","protected":false},"author":3,"featured_media":373128,"comment_status":"","ping_status":"","sticky":false,"template":"","format":"standard","meta":{"footnotes":""},"categories":[7],"tags":[179574,179572,179573,158,20243,67,132,68],"class_list":{"0":"post-373127","1":"post","2":"type-post","3":"status-publish","4":"format-standard","5":"has-post-thumbnail","7":"category-technology","8":"tag-pokemon-forest","9":"tag-pokemon-research-lab","10":"tag-pokepark-kanto","11":"tag-technology","12":"tag-theme-park","13":"tag-united-states","14":"tag-unitedstates","15":"tag-us"},"share_on_mastodon":{"url":"https:\/\/pubeurope.com\/@us\/115534912480259571","error":""},"_links":{"self":[{"href":"https:\/\/www.europesays.com\/us\/wp-json\/wp\/v2\/posts\/373127","targetHints":{"allow":["GET"]}}],"collection":[{"href":"https:\/\/www.europesays.com\/us\/wp-json\/wp\/v2\/posts"}],"about":[{"href":"https:\/\/www.europesays.com\/us\/wp-json\/wp\/v2\/types\/post"}],"author":[{"embeddable":true,"href":"https:\/\/www.europesays.com\/us\/wp-json\/wp\/v2\/users\/3"}],"replies":[{"embeddable":true,"href":"https:\/\/www.europesays.com\/us\/wp-json\/wp\/v2\/comments?post=373127"}],"version-history":[{"count":0,"href":"https:\/\/www.europesays.com\/us\/wp-json\/wp\/v2\/posts\/373127\/revisions"}],"wp:featuredmedia":[{"embeddable":true,"href":"https:\/\/www.europesays.com\/us\/wp-json\/wp\/v2\/media\/373128"}],"wp:attachment":[{"href":"https:\/\/www.europesays.com\/us\/wp-json\/wp\/v2\/media?parent=373127"}],"wp:term":[{"taxonomy":"category","embeddable":true,"href":"https:\/\/www.europesays.com\/us\/wp-json\/wp\/v2\/categories?post=373127"},{"taxonomy":"post_tag","embeddable":true,"href":"https:\/\/www.europesays.com\/us\/wp-json\/wp\/v2\/tags?post=373127"}],"curies":[{"name":"wp","href":"https:\/\/api.w.org\/{rel}","templated":true}]}}