{"id":432100,"date":"2025-12-08T00:22:16","date_gmt":"2025-12-08T00:22:16","guid":{"rendered":"https:\/\/www.europesays.com\/us\/432100\/"},"modified":"2025-12-08T00:22:16","modified_gmt":"2025-12-08T00:22:16","slug":"san-antonio-remains-integral-to-conjunto-and-tejanos-legacy-even-as-the-genres-evolve","status":"publish","type":"post","link":"https:\/\/www.europesays.com\/us\/432100\/","title":{"rendered":"San Antonio remains integral to conjunto and Tejano\u2019s legacy, even as the genres evolve"},"content":{"rendered":"<p>San Antonio is a city that very much puts its Mexican American cultural blend on full display \u2013 visually, yes, but also sonically.<\/p>\n<p>Perhaps nowhere is that more apparent than in two particular genres that are themselves unique Texas products that the city has made major contributions to: conjunto and Tejano music.<\/p>\n<p>Hector Salda\u00f1a is the Texas Music curator at the <a href=\"https:\/\/www.thewittliffcollections.txst.edu\/\" class=\"Link\" target=\"_blank\" rel=\"noopener\">Wittliff Collections<\/a> of Texas State University and something of a fixture of the San Antonio music scene, himself. He\u2019s also written extensively on the city\u2019s musical foundation.<\/p>\n<p>He joined the Standard to talk about the Alamo City\u2019s ties to the music. Listen to the interview above or read the transcript below.<\/p>\n<p>This transcript has been edited lightly for clarity:<\/p>\n<p>Texas Standard: I wanna just sort of open things up for folks who may not really understand what conjunto music is \u2013 what it\u2019s about, what it sounds like. Tell us a little bit about what it is and how someone would recognize it.<\/p>\n<p>Hector Salda\u00f1a: Well, conjunto music is music that is Mexican American music. It\u2019s American music that was very much influenced by German music and Czech music.<\/p>\n<p>Here in San Antonio, we know the sounds instantly. It\u2019s the sound of the button accordion and the bajo sexto, the Mexican twelve-string guitar, which adds the rhythm and also the little passing notes that we\u2019re familiar with.<\/p>\n<p>It\u2019s a lot of polkas, waltzes. It began as instrumental music primarily. And then over the time, you know, vocals were added, drums, and so it evolved. But this is music that was foundational in San Antonio and South Texas, formed in the late 1920a and early 1930s.<\/p>\n<p>I\u2019ve often heard that Santiago Jim\u00e9nez, Sr. was really key in the development of this.<\/p>\n<p>Yes. Don Santiago as he was known, Flaco Jim\u00e9nez\u2019s father. He\u2019s one of the founders and creators of conjunto music, along with people like Valerio Longoria, Narciso Mart\u00ednez\u2026 There\u2019s a lot of people that contributed, but he was one of the early, early pioneers of that music.<\/p>\n<p>    <img decoding=\"async\" class=\"Image\" alt=\"Hector Salda\u00f1a, right, with Flaco Jim\u00e9nez. Courtesy of Hector Salda\u00f1a and the Wittliff Collection\"  width=\"880\" height=\"660\" loading=\"lazy\" src=\"https:\/\/www.europesays.com\/us\/wp-content\/uploads\/2025\/12\/1765153334_401_\"\/><\/p>\n<p>     Hector Salda\u00f1a, right, with Flaco Jim\u00e9nez. Courtesy of Hector Salda\u00f1a and the Wittliff Collection<\/p>\n<p>I was thinking, you know, when you mentioned Flaco Jim\u00e9nez \u2013 recently passed away. What an incredible talent. I think a lot of people think of him in association with the Texas Tornados back in the day, that sort of thing.<\/p>\n<p>Say a little bit more about his impact on popularizing conjunto.<\/p>\n<p>Well Flaco Jim\u00e9nez and San Antonio are synonymous. I mean, he was the great ambassador of San Antonio and San Antonio music, conjunto music, not only through the Texas Tornados, but in his own right.<\/p>\n<p>You know, he was a six-time Grammy winner, Lifetime Grammy Award recipient, NEA recipient. I mean, you know, a great musician.<\/p>\n<p>I would describe him as a pure, pure musician. I mean, I knew him very well, watched him in the recording studio, made records with him, but he was one of these people\u2026 It\u2019s like when you watch an incredible lead guitarist that can just play instantly, does not need to rehearse it, just hears the music. It was something to watch.<\/p>\n<p>I was gonna ask, \u2019cause I feel like this is hard for me to distinguish, right? Like I mentioned conjunto and Tejano as two separate genres, but what really makes Tejano any different? Is it because it comes from Texas?<\/p>\n<p>Well, Tejano music is the maybe the more pop and dance-oriented. Look, conjunto music, the way that I think of it, is closer to the blues, like the Delta blues. It\u2019s a more earthy accompaniment to folk.<\/p>\n<p>And then Tejano music was much more electrified. We added the amps, the synthesizers and you had the swooping melodies and people like Emilio Navaira and Selena are so associated with it.<\/p>\n<\/p>\n<p>You know, it was interesting because I don\u2019t know if you saw that\u00a0<a href=\"https:\/\/www.tpr.org\/2025-11-17\/new-documentary-looks-at-selena-the-woman-behind-the-music\" class=\"Link\" target=\"_blank\" rel=\"noopener\">documentary on Selena that came out recently<\/a>, but I believe there\u2019s a point at which she and her band crossed the border and the locals just aren\u2019t really getting it, right? Does that speak to sort of what the difference is between a conjunto and Tejano is?<\/p>\n<p>Yes. I mean, conjunto, it\u2019s just more raw music, I would say. Folk music, a little earthier, almost like the blues.<\/p>\n<p>Tejano was very pop, very American-influenced actually. There used to be these huge, what they used to call the \u201csuper bailes\u201d here that would attract tens of thousands of people. And so it\u2019s very dance.<\/p>\n<p>In Mexico, maybe it\u2019s Mexican pop is more, perhaps, romantic and maybe a little bit maybe considered sophisticated in a certain way and Tejano\u2019s pop.<\/p>\n<p>Well now let me ask you about something because I remember maybe a little bit more than a few years after Selena\u2019s passing, there was a lot of concern that Tejano music might be fading. A lot of the radio shows seem to be disappearing from the airwaves. You used to see stores everywhere that sold Tejano music.<\/p>\n<p>What is the state of Tejano music now?<\/p>\n<p>I think Tejano music now is probably closer to the way that we think of Cajun and Zydeco music \u2013 very regional, still beloved. Rather than seeing it at a humongous nightclub and supported by lots of radio stations, you\u2019re gonna see it at a church fair or at a specific concert or on the River Walk or a lot of the San Antonio festivals will still have Tejano music.<\/p>\n<p>    <img decoding=\"async\" class=\"Image\" alt=\"The poster for the Tejano Conjunto Festival in San Antonio by Robert Sosa, courtesy of Hector Salda\u00f1a and the Wittliff Collection\"  width=\"880\" height=\"1117\" loading=\"lazy\" src=\"https:\/\/www.europesays.com\/us\/wp-content\/uploads\/2025\/12\/1765153336_344_\"\/><\/p>\n<p>     The poster for the Tejano Conjunto Festival in San Antonio by Robert Sosa, courtesy of Hector Salda\u00f1a and the Wittliff Collection<\/p>\n<p>Emilio Navaira\u2019s brother, Raulito \u2013 who was the big dancing partner with Emilio Navaira \u2013 his daughter, Destiny, is an incredible singer. And I just saw her at a church festival and I was thinking, you know, you instantly recognize the sound and you\u2019re almost nostalgic for it because it just takes you back.<\/p>\n<p>I guess that speaks to a larger concern that I have about both of these forms, but Tejano in particular, I guess, and that is that if you don\u2019t have a culture that\u2019s hearing it all the time, if you\u2019re not pushing it forward, you\u2019re not expecting that music to come out of anywhere else. If it\u2019s gonna happen, if it\u2019s gonna grow, if we\u2019re gonna see it continue on into the future, you\u2019re gonna have to have the talent here.<\/p>\n<p>Yeah, and you still do. I mean, you have organizations like the <a href=\"https:\/\/esperanzacenter.org\/\" class=\"Link\" target=\"_blank\" rel=\"noopener\">Esperanza Peace and Justice Center<\/a>, the <a href=\"https:\/\/guadalupeculturalarts.org\/\" class=\"Link\" target=\"_blank\" rel=\"noopener\">Guadalupe Cultural Arts Center<\/a> that support it with festivals and still have these legacy artists performing. And you have people like <a href=\"https:\/\/www.tpr.org\/podcast\/fronteras\/2025-04-11\/fronteras-be-who-you-are-play-who-you-are-two-generations-of-los-texmaniacs-musicians-talk-career-and-influences\" class=\"Link\" target=\"_blank\" rel=\"noopener\">Max Baca and the Texmaniacs<\/a> who are Grammy winners still performing conjunto music.<\/p>\n<p>With regard to Tejano, I would say it\u2019s like a lot of pop music. It really, more, it evolved. You know, other forms like banda music and electronic music and reggaeton sort of became more popular with the youth, the younger set.<\/p>\n<p>If you found the reporting above valuable, please consider making a donation to support it\u00a0<a href=\"https:\/\/kut.secureallegiance.com\/kut\/WebModule\/Donate.aspx?P=KUTOA&amp;PAGETYPE=PLG&amp;CHECK=aI6A0UTYM%2bPiQl%2byqVkEd4HJipnY8PNT&amp;SOURCECODE=STORYT\" class=\"Link\" target=\"_blank\" rel=\"noopener\">here<\/a>. Your gift helps pay for everything you find on\u00a0<a href=\"http:\/\/texasstandard.org\/\" class=\"Link\" target=\"_blank\" rel=\"noopener\">texasstandard.org<\/a>\u00a0and\u00a0<a href=\"http:\/\/kut.org\/\" class=\"Link\" target=\"_blank\" rel=\"noopener\">KUT.org<\/a>. Thanks for donating today.<\/p>\n","protected":false},"excerpt":{"rendered":"San Antonio is a city that very much puts its Mexican American cultural blend on full display \u2013&hellip;\n","protected":false},"author":3,"featured_media":432101,"comment_status":"","ping_status":"","sticky":false,"template":"","format":"standard","meta":{"footnotes":""},"categories":[5133],"tags":[5229,7202,7203,358,3187,67,586,132,5230,68,2969],"class_list":{"0":"post-432100","1":"post","2":"type-post","3":"status-publish","4":"format-standard","5":"has-post-thumbnail","7":"category-san-antonio","8":"tag-america","9":"tag-san-antonio","10":"tag-sanantonio","11":"tag-texas","12":"tag-tx","13":"tag-united-states","14":"tag-united-states-of-america","15":"tag-unitedstates","16":"tag-unitedstatesofamerica","17":"tag-us","18":"tag-usa"},"share_on_mastodon":{"url":"https:\/\/pubeurope.com\/@us\/115681096963791420","error":""},"_links":{"self":[{"href":"https:\/\/www.europesays.com\/us\/wp-json\/wp\/v2\/posts\/432100","targetHints":{"allow":["GET"]}}],"collection":[{"href":"https:\/\/www.europesays.com\/us\/wp-json\/wp\/v2\/posts"}],"about":[{"href":"https:\/\/www.europesays.com\/us\/wp-json\/wp\/v2\/types\/post"}],"author":[{"embeddable":true,"href":"https:\/\/www.europesays.com\/us\/wp-json\/wp\/v2\/users\/3"}],"replies":[{"embeddable":true,"href":"https:\/\/www.europesays.com\/us\/wp-json\/wp\/v2\/comments?post=432100"}],"version-history":[{"count":0,"href":"https:\/\/www.europesays.com\/us\/wp-json\/wp\/v2\/posts\/432100\/revisions"}],"wp:featuredmedia":[{"embeddable":true,"href":"https:\/\/www.europesays.com\/us\/wp-json\/wp\/v2\/media\/432101"}],"wp:attachment":[{"href":"https:\/\/www.europesays.com\/us\/wp-json\/wp\/v2\/media?parent=432100"}],"wp:term":[{"taxonomy":"category","embeddable":true,"href":"https:\/\/www.europesays.com\/us\/wp-json\/wp\/v2\/categories?post=432100"},{"taxonomy":"post_tag","embeddable":true,"href":"https:\/\/www.europesays.com\/us\/wp-json\/wp\/v2\/tags?post=432100"}],"curies":[{"name":"wp","href":"https:\/\/api.w.org\/{rel}","templated":true}]}}