{"id":479284,"date":"2025-12-30T04:59:47","date_gmt":"2025-12-30T04:59:47","guid":{"rendered":"https:\/\/www.europesays.com\/us\/479284\/"},"modified":"2025-12-30T04:59:47","modified_gmt":"2025-12-30T04:59:47","slug":"guerneville-family-doing-good-for-sure-after-tree-destroys-home-during-storm","status":"publish","type":"post","link":"https:\/\/www.europesays.com\/us\/479284\/","title":{"rendered":"Guerneville family &#8216;doing good, for sure&#8217; after tree destroys home during storm"},"content":{"rendered":"<p>Lea el art\u00edculo en espa\u00f1ol <a href=\"https:\/\/www.pressdemocrat.com\/2025\/12\/29\/agradecidos-la-comunidad-se-une-en-apoyo-a-familia-local-cuya-casa-fue-destruida-por-arbol\/\" target=\"_blank\" rel=\"noopener\">aqu\u00ed.<\/a><\/p>\n<p>A Guerneville family is rebounding and receiving community support nearly one week after <a href=\"https:\/\/www.pressdemocrat.com\/2025\/12\/24\/bebe-se-salva-de-milagro-luego-de-que-arbol-gigante-cayera-sobre-casa-en-guerneville\/\" target=\"_blank\" rel=\"noopener\">their home was destroyed by a fallen tree<\/a> that just <a href=\"https:\/\/www.youtube.com\/watch?v=gNI9rwsVWxs\" target=\"_blank\" rel=\"noopener\">barely missed a 3-year-old girl<\/a> as she slept in her crib during a raging winter storm just one day before Christmas.<\/p>\n<p>Now living at a Windsor hotel, the family has had time to take a breather and reflect on the damage that forced them out of their home of nearly four years on Highway 116 near Riverside Drive. Aside from bruises, all are alive and are \u201cdoing good, for sure,\u201d said Diego Monta\u00f1o, 21, who was among those living on the property.<\/p>\n<p>Community members have rallied to support the family, offering food and housing and <a href=\"https:\/\/www.gofundme.com\/f\/support-chriss-family-after-tree-falls-through-home\" target=\"_blank\" rel=\"noopener\">launching a Go Fund Me fundraiser<\/a> that\u2019s collected nearly $5,000 as of Monday afternoon. Monta\u00f1o\u2019s 3-year-old niece had been taken to a hospital as a precaution but is now with her family, happy and smiling.<\/p>\n<p>\u201cShe\u2019s a pretty strong girl,\u201d Monta\u00f1o said.<\/p>\n<ul class=\"mng-gallery-initialized mng-gallery-slider\">\n<li data-index=\"1\" class=\"mng-ge mng-gallery-active\" id=\"mng-ge-0\" aria-hidden=\"false\" tabindex=\"0\"><img loading=\"lazy\" decoding=\"async\" alt=\"Chris Monta\u00c3\u00b1o looks for personal possessions in the room he...\" class=\"size-article_inline\"   src=\"https:\/\/www.europesays.com\/us\/wp-content\/uploads\/2025\/12\/TPD-L-kp1224_Wind_04-1.jpg\"\/>\n<p>Chris Monta\u00f1o looks for personal possessions in the room he and his wife were sleeping in along with a child, when an 150-foot redwood tree crashed through their home on River Road west of Guerneville, Wednesday, Dec. 24, 2025.  The child sustained a minor injury. (Kent Porter \/ The Press Democrat)<\/p>\n<\/li>\n<li data-index=\"2\" class=\"mng-ge\" id=\"mng-ge-1\" aria-hidden=\"true\" tabindex=\"-1\"><img loading=\"lazy\" decoding=\"async\" alt=\"A redwood tree crushed three vehicles and a home after...\" class=\"lazyload size-article_inline\" data- src=\"https:\/\/www.europesays.com\/us\/wp-content\/uploads\/2025\/12\/SJM-L-PDweather-3.jpg?w=620\"  bad-src=\"https:\/\/www.europesays.com\/us\/wp-content\/uploads\/2025\/12\/SJM-L-PDweather-3.jpg\"\/>\n<p>A redwood tree crushed three vehicles and a home after toppling in strong winds  on River Road west of Guerneville, Wednesday, Dec. 24, 2025. (Kent Porter \/ The Press Democrat)<\/p>\n<\/li>\n<li data-index=\"3\" class=\"mng-ge\" id=\"mng-ge-2\" aria-hidden=\"true\" tabindex=\"-1\"><img loading=\"lazy\" decoding=\"async\" alt=\"Three vehicles were crushed by a giant redwood tree before...\" class=\"lazyload size-article_inline\" data- src=\"https:\/\/www.europesays.com\/us\/wp-content\/uploads\/2025\/12\/TPD-L-jb1224_tree_002.jpg?w=620\"  bad-src=\"https:\/\/www.europesays.com\/us\/wp-content\/uploads\/2025\/12\/TPD-L-jb1224_tree_002.jpg\"\/>\n<p>Three vehicles  were crushed by a giant redwood tree before it fell through a home Wednesday, Dec. 24, 2025 on Highway 116 in Guerneville. A child and two adults asleep at the time narrowly missed being seriously injured. (John Burgess \/ The Press Democrat)<\/p>\n<\/li>\n<li data-index=\"4\" class=\"mng-ge\" id=\"mng-ge-3\" aria-hidden=\"true\" tabindex=\"-1\"><img loading=\"lazy\" decoding=\"async\" alt=\"One of two cars smashed on a neighbors\u00e2\u0080\u0099 property by...\" class=\"lazyload size-article_inline\" data- src=\"https:\/\/www.europesays.com\/us\/wp-content\/uploads\/2025\/12\/TPD-L-StormCoveragePrint-122525-1-02.jpg?w=620\"  bad-src=\"https:\/\/www.europesays.com\/us\/wp-content\/uploads\/2025\/12\/TPD-L-StormCoveragePrint-122525-1-02.jpg\"\/>\n<p>One of two cars smashed on a neighbors\u2019 property by a fallen tree that smashed a home on Highway 116 in Guerneville on Dec. 24, 2025 (Anna Armstrong \/ The Press Democrat file)<\/p>\n<\/li>\n<li data-index=\"5\" class=\"mng-ge\" id=\"mng-ge-4\" aria-hidden=\"true\" tabindex=\"-1\"><img loading=\"lazy\" decoding=\"async\" alt=\"A television reporter surveys the scene after a redwood tree...\" class=\"lazyload size-article_inline\" data- src=\"https:\/\/www.europesays.com\/us\/wp-content\/uploads\/2025\/12\/1767070772_286_TPD-L-kp1224_Wind_07_9b75e9.jpg?w=620\"  bad-src=\"https:\/\/www.europesays.com\/us\/wp-content\/uploads\/2025\/12\/1767070772_286_TPD-L-kp1224_Wind_07_9b75e9.jpg\"\/>\n<p>A television reporter surveys the scene after a redwood tree crushes three vehicles and a house on River Road west of Guerneville, Wednesday, Dec. 24, 2025. (Kent Porter \/ The Press Democrat)<\/p>\n<\/li>\n<li data-index=\"6\" class=\"mng-ge\" id=\"mng-ge-5\" aria-hidden=\"true\" tabindex=\"-1\"><img loading=\"lazy\" decoding=\"async\" alt=\"A redwood tree crushed three vehicles and a home after...\" class=\"lazyload size-article_inline\" data- src=\"https:\/\/www.europesays.com\/us\/wp-content\/uploads\/2025\/12\/TPD-L-kp1224_Wind_06.jpg?w=620\"  bad-src=\"https:\/\/www.europesays.com\/us\/wp-content\/uploads\/2025\/12\/TPD-L-kp1224_Wind_06.jpg\"\/>\n<p>A redwood tree crushed three vehicles and a home after toppling in strong winds  on River Road west of Guerneville, Wednesday, Dec. 24, 2025. (Kent Porter \/ The Press Democrat)<\/p>\n<\/li>\n<li data-index=\"7\" class=\"mng-ge\" id=\"mng-ge-6\" aria-hidden=\"true\" tabindex=\"-1\"><img loading=\"lazy\" decoding=\"async\" alt=\"Diego Monta\u00c3\u00b1o takes in the scene in his living room...\" class=\"lazyload size-article_inline\" data- src=\"https:\/\/www.europesays.com\/us\/wp-content\/uploads\/2025\/12\/TPD-L-kp1224_Wind_05.jpg?w=620\"  bad-src=\"https:\/\/www.europesays.com\/us\/wp-content\/uploads\/2025\/12\/TPD-L-kp1224_Wind_05.jpg\"\/>\n<p>Diego Monta\u00f1o takes in the scene in his living room after a 150-foot redwood tree uprooted during strong winds on River Road west of Guerneville, Wednesday, Dec. 24, 2025, and crashed in to the home. His niece was slightly injured.  (Kent Porter \/ The Press Democrat)<\/p>\n<\/li>\n<\/ul>\n<p>Show Caption<\/p>\n<p>1 of 7<\/p>\n<p>Chris Monta\u00f1o looks for personal possessions in the room he and his wife were sleeping in along with a child, when an 150-foot redwood tree crashed through their home on River Road west of Guerneville, Wednesday, Dec. 24, 2025.  The child sustained a minor injury. (Kent Porter \/ The Press Democrat)<\/p>\n<p><a href=\"#\" class=\"icon-enlarge mng-gallery-fullscreen-expand\" aria-label=\"Expand fullscreen slideshow\">Expand<\/a><\/p>\n<p>The destruction occurred the <a href=\"https:\/\/www.pressdemocrat.com\/2025\/12\/25\/sonoma-county-wind-storms-rain\/\" target=\"_blank\" rel=\"noopener\">morning of Dec. 24<\/a> as Sonoma County was pounded by gusts reaching 79 mph at the highest elevations. Trees had become more prone to falling following several days of rain that saturated soil across the region.<\/p>\n<\/p>\n<p>The conditions were part of an <a href=\"https:\/\/www.pressdemocrat.com\/2025\/12\/22\/whats-an-atmospheric-river-ap-explains-the-weather-phenomenon\/\" target=\"_blank\" rel=\"noopener\">atmospheric river storm<\/a> that started Dec. 19 and trailed off the day after Christmas. It dumped 5.33 inches of precipitation at the Charles M. Schulz-Sonoma County Airport, the National Weather Service\u2019s main reporting station in Sonoma County. Higher elevations, such as Venado, got significantly more rain but the region avoided significant flooding.<\/p>\n<p><a href=\"https:\/\/www.cnrfc.noaa.gov\/graphicalRVF.php?id=GUEC1\" target=\"_blank\" rel=\"noopener\">The lower Russian River crested Friday afternoon at 21.46 feet<\/a>, more than 10 feet below flood stage in Guerneville.<\/p>\n<p>Forecasters had warned gusts would be the dominant factor in any damage, particularly in the wooded region of western Sonoma County. They arrived in two waves: Tuesday night into Wednesday morning and Wednesday night through Thursday morning.<\/p>\n<p>The strongest gusts developed Wednesday morning and widespread power outages were being reported to <a href=\"https:\/\/www.pge.com\/\" target=\"_blank\" rel=\"noopener\">Pacific Gas &amp; Electric<\/a>. By afternoon that day, more than 17,000 PG&amp;E customers in Sonoma County were without power.<\/p>\n<p>Area law enforcement and road crews handled blocked roads as local residents were confronted with possibilities that their Christmas celebrations would be ruined. Ultimately, weather cleared up and rain subsided by Friday.<\/p>\n<p>In the end, no major injuries were reported and the Guerneville home appeared to be the property with the most significant damage. The same tree that hit the home also hit three parked vehicles. All belonged to a neighbor. Monta\u00f1o said his family\u2019s vehicles were drivable after having broken windows and body damage.<\/p>\n<p>For now, the family expects to be staying at the hotel through the end of the month. They can no longer return to their home on Highway 116 and must begin the search for new housing. In the meantime, the community support continues.<\/p>\n<p>\u201cThere are no words to really express how grateful we are,\u201d Monta\u00f1o said.<\/p>\n<p>You can reach Staff Writer Colin Atagi at colin.atagi@pressdemocrat.com.<\/p>\n","protected":false},"excerpt":{"rendered":"Lea el art\u00edculo en espa\u00f1ol aqu\u00ed. A Guerneville family is rebounding and receiving community support nearly one week&hellip;\n","protected":false},"author":3,"featured_media":479285,"comment_status":"","ping_status":"","sticky":false,"template":"","format":"standard","meta":{"footnotes":""},"categories":[23],"tags":[746,217138,159,67,132,68],"class_list":{"0":"post-479284","1":"post","2":"type-post","3":"status-publish","4":"format-standard","5":"has-post-thumbnail","7":"category-environment","8":"tag-environment","9":"tag-guerneville-atmospheric-river-storm-damage","10":"tag-science","11":"tag-united-states","12":"tag-unitedstates","13":"tag-us"},"share_on_mastodon":{"url":"https:\/\/pubeurope.com\/@us\/115806760205412308","error":""},"_links":{"self":[{"href":"https:\/\/www.europesays.com\/us\/wp-json\/wp\/v2\/posts\/479284","targetHints":{"allow":["GET"]}}],"collection":[{"href":"https:\/\/www.europesays.com\/us\/wp-json\/wp\/v2\/posts"}],"about":[{"href":"https:\/\/www.europesays.com\/us\/wp-json\/wp\/v2\/types\/post"}],"author":[{"embeddable":true,"href":"https:\/\/www.europesays.com\/us\/wp-json\/wp\/v2\/users\/3"}],"replies":[{"embeddable":true,"href":"https:\/\/www.europesays.com\/us\/wp-json\/wp\/v2\/comments?post=479284"}],"version-history":[{"count":0,"href":"https:\/\/www.europesays.com\/us\/wp-json\/wp\/v2\/posts\/479284\/revisions"}],"wp:featuredmedia":[{"embeddable":true,"href":"https:\/\/www.europesays.com\/us\/wp-json\/wp\/v2\/media\/479285"}],"wp:attachment":[{"href":"https:\/\/www.europesays.com\/us\/wp-json\/wp\/v2\/media?parent=479284"}],"wp:term":[{"taxonomy":"category","embeddable":true,"href":"https:\/\/www.europesays.com\/us\/wp-json\/wp\/v2\/categories?post=479284"},{"taxonomy":"post_tag","embeddable":true,"href":"https:\/\/www.europesays.com\/us\/wp-json\/wp\/v2\/tags?post=479284"}],"curies":[{"name":"wp","href":"https:\/\/api.w.org\/{rel}","templated":true}]}}