{"id":492553,"date":"2026-01-04T20:42:11","date_gmt":"2026-01-04T20:42:11","guid":{"rendered":"https:\/\/www.europesays.com\/us\/492553\/"},"modified":"2026-01-04T20:42:11","modified_gmt":"2026-01-04T20:42:11","slug":"fc-bayern-jamal-musiala-gewahrt-einblick-in-comeback-plan-fusball","status":"publish","type":"post","link":"https:\/\/www.europesays.com\/us\/492553\/","title":{"rendered":"FC Bayern: Jamal Musiala gew\u00e4hrt Einblick in Comeback-Plan | Fu\u00dfball"},"content":{"rendered":"<p><b>Die Stars des FC Bayern M\u00fcnchen machten sich am Sonntag nach dem Training auf den Weg zu den traditionellen Fanklub-Besuchen. Bei den besonderen Momenten f\u00fcr die treuen Anh\u00e4nger sowie den Feierlichkeiten zum 40-j\u00e4hrigen Bestehen dieser Tradition war BILD hautnah dabei.<\/b><\/p>\n<p>Beim Fanklub \u201eRed Bulls Taubenbach\u201c in Simbach am Inn (rund 120 Kilometer \u00f6stlich von M\u00fcnchen) gew\u00e4hrte Jamal Musiala (22) einen spannenden Einblick in seine Rehabilitation. Der Nationalspieler arbeitet seit mittlerweile sechs Monaten an seinem Comeback nach einem Wadenbeinbruch mit mehreren B\u00e4nderrissen im linken Sprunggelenk.<\/p>\n<p><img decoding=\"async\" width=\"992\" height=\"655\" alt=\"Bayern-Star Jamal Musiala (22) beim Besuch des Fanklubs Red-Bulls Taubenbach am Sonntag in Simbach a. Inn\" src=\"https:\/\/www.europesays.com\/us\/wp-content\/uploads\/2026\/01\/99b10de918c7c5ba0adc545e671df9f1,943b3d6a.jpeg\"   class=\"dynamic\" loading=\"lazy\"\/><\/p>\n<p class=\"fig__caption__text\">Bayern-Star Jamal Musiala (22) beim Besuch des Fanklubs Red-Bulls Taubenbach am Sonntag in Simbach a. Inn <\/p>\n<p>Foto: Uwe Lein\/dpa<\/p>\n<p>Zu seinem m\u00f6glichen R\u00fcckkehrzeitpunkt sagte Musiala: \u201eEs ist ja nicht nur meine Entscheidung. Wenn es nach mir gegangen w\u00e4re, h\u00e4tte ich letzten Monat schon wieder gespielt!\u201c<\/p>\n<p>Doch bei <a href=\"https:\/\/sportbild.bild.de\/bundesliga\/vereine\/bayern-muenchen\/home-33283572.sport.html\" class=\"text-link\" rel=\"nofollow noopener\" target=\"_blank\">Bayern<\/a> stoppten die Verantwortlichen und die medizinische Abteilung eine vorschnelle R\u00fcckkehr mit zu viel Risiko. Musiala soll nach der Horror-Verletzung am 5. Juli im Viertelfinale der Klub-WM (0:2 gegen PSG) behutsam an seinen ersten Einsatz herangef\u00fchrt werden.<\/p>\n<p>Der Offensiv-Star gibt zu: \u201eMan muss nun gucken, ob ich noch Angst habe oder so.\u201c<\/p>\n<p>Einen konkreten Zeitpunkt f\u00fcr seine R\u00fcckkehr in den Kader nannte der Star noch nicht. Sein Comeback soll aber noch im Januar stattfinden. Musiala: \u201eWenn ich f\u00fcr das Spiel bereit bin und jeder hat das Gef\u00fchl hat.\u201c<\/p>\n<p><img decoding=\"async\" width=\"992\" height=\"1323\" alt=\"Gut gelaunt beim Neujahrsbesuch: Bayern-Star Jamal Musiala\" src=\"https:\/\/www.europesays.com\/us\/wp-content\/uploads\/2026\/01\/1767559331_156_cf0c19e334917f43caeaf6256c6fea34,7a69a5ad.jpeg\"   class=\"dynamic\" loading=\"lazy\"\/><\/p>\n<p class=\"fig__caption__text\">Gut gelaunt beim Neujahrsbesuch: Bayern-Star Jamal Musiala <\/p>\n<p>Foto: Berner\/BILD<\/p>\n<p>Nach der R\u00fcckkehr ins Team-Training am 13. Dezember nahm er gestern zum zweiten Mal an \u00dcbungen mit Zweik\u00e4mpfen teil. Dazu sagt er: \u201eIch habe die letzten beiden Male wieder mit Kontakt trainiert, das l\u00e4uft echt gut. Aber wir wollen jetzt auch nichts zu fr\u00fch machen. Wir gucken einfach von Training zu Training.\u201c<\/p>\n<p>Musiala beantwortete w\u00e4hrend seines Aufenthalts nicht nur zahlreiche Kinderfragen, sondern trat auch gegen einen jungen Fan im Fifa-Duell auf der Konsole an. Dazu erhielt der Bayern-Star 2.000 Euro f\u00fcr seine Stiftung \u201eTeam Musiala Foundation\u201c und wurde zum Ehrenmitglied des Fanklubs aufgenommen. <\/p>\n<p>Zum Schluss erf\u00fcllte der Nationalspieler noch einige Foto- und Autogrammw\u00fcnsche, ehe er sich gegen 17 Uhr verabschiedete. <\/p>\n","protected":false},"excerpt":{"rendered":"Die Stars des FC Bayern M\u00fcnchen machten sich am Sonntag nach dem Training auf den Weg zu den&hellip;\n","protected":false},"author":3,"featured_media":492554,"comment_status":"","ping_status":"","sticky":false,"template":"","format":"standard","meta":{"footnotes":"","_share_on_mastodon":"0"},"categories":[45],"tags":[24937,221855,221854,221857,221856,221917,221,221858,62,221860,221859,67,132,68],"class_list":["post-492553","post","type-post","status-publish","format-standard","has-post-thumbnail","category-soccer","tag-champions-league","tag-erste-bundesliga","tag-fc-bayern-munchen","tag-kompany-vincent","tag-musiala-jamal","tag-no-sport-app","tag-soccer","tag-sport-leuchtturm-munchen","tag-sports","tag-texttospeech","tag-toralarm-top-news","tag-united-states","tag-unitedstates","tag-us"],"share_on_mastodon":{"url":"https:\/\/pubeurope.com\/@us\/115838775704072507","error":""},"_links":{"self":[{"href":"https:\/\/www.europesays.com\/us\/wp-json\/wp\/v2\/posts\/492553","targetHints":{"allow":["GET"]}}],"collection":[{"href":"https:\/\/www.europesays.com\/us\/wp-json\/wp\/v2\/posts"}],"about":[{"href":"https:\/\/www.europesays.com\/us\/wp-json\/wp\/v2\/types\/post"}],"author":[{"embeddable":true,"href":"https:\/\/www.europesays.com\/us\/wp-json\/wp\/v2\/users\/3"}],"replies":[{"embeddable":true,"href":"https:\/\/www.europesays.com\/us\/wp-json\/wp\/v2\/comments?post=492553"}],"version-history":[{"count":0,"href":"https:\/\/www.europesays.com\/us\/wp-json\/wp\/v2\/posts\/492553\/revisions"}],"wp:featuredmedia":[{"embeddable":true,"href":"https:\/\/www.europesays.com\/us\/wp-json\/wp\/v2\/media\/492554"}],"wp:attachment":[{"href":"https:\/\/www.europesays.com\/us\/wp-json\/wp\/v2\/media?parent=492553"}],"wp:term":[{"taxonomy":"category","embeddable":true,"href":"https:\/\/www.europesays.com\/us\/wp-json\/wp\/v2\/categories?post=492553"},{"taxonomy":"post_tag","embeddable":true,"href":"https:\/\/www.europesays.com\/us\/wp-json\/wp\/v2\/tags?post=492553"}],"curies":[{"name":"wp","href":"https:\/\/api.w.org\/{rel}","templated":true}]}}