{"id":504583,"date":"2026-01-09T21:07:12","date_gmt":"2026-01-09T21:07:12","guid":{"rendered":"https:\/\/www.europesays.com\/us\/504583\/"},"modified":"2026-01-09T21:07:12","modified_gmt":"2026-01-09T21:07:12","slug":"south-loop-bike-lane-project-paused-some-lanes-removed-as-officials-reassess","status":"publish","type":"post","link":"https:\/\/www.europesays.com\/us\/504583\/","title":{"rendered":"South Loop Bike Lane Project Paused, Some Lanes Removed As Officials Reassess"},"content":{"rendered":"<p>SOUTH LOOP \u2014 A project to install bike lanes in the South Loop has been paused \u2014 with some previously installed lanes being removed \u2014 to reassess their design and placement in at least one intersection, city officials told Block Club.<\/p>\n<p>Ald. Pat Dowell (3rd) said she requested that the city\u2019s transportation department pause in-progress bike lane construction on 18th Street between Clark Street and Indiana Avenue in the fall, saying she made the ask on behalf of constituents who expressed concerns to her over safety and mobility in the area.<\/p>\n<p>Dowell said the decision was made to ensure easy passage for emergency vehicles such as ambulances, police and fire vehicles in the area.\u00a0The Chicago Department of Transportation paid for the bike lane protection removal, said Dowell, deferring additional questions about costs and timing of the work to the agency.<\/p>\n<p><img loading=\"lazy\" data-recalc-dims=\"1\" decoding=\"async\" width=\"1024\" height=\"666\" src=\"https:\/\/www.europesays.com\/us\/wp-content\/uploads\/2026\/01\/Sloop18thWabashPBL1-1024x666.jpg\" alt=\"n-progress construction of protected bike lanes at 18th and Wabash Ave have been paused, causing concern among advocates who say the infrastructure keeps cyclists safe.\" class=\"wp-image-973924\"  \/>n-progress construction of  protected bike lanes at 18th and Wabash Ave have been paused, causing concern among advocates who say the infrastructure keeps cyclists safe. Credit: Jamie Nesbitt Golden \/ Block Club Chicago<\/p>\n<p>In response to questions, a CDOT spokesperson issued a statement that described \u201crecent adjustments\u201d at the 18th Street and Wabash Avenue intersection as \u201cpart of the agency\u2019s standard project monitoring and evaluation to ensure safe and efficient operations for all users.\u201d The agency did not answer questions about the project\u2019s price tag.<\/p>\n<p>The spokesperson said construction on the South Loop project would continue into the spring but didn\u2019t specify when the work would resume.<\/p>\n<p>Dowell informed residents in October that protected bike lane construction on 18th Street between Clark Street and Indiana Avenue would be paused and a portion of the installation would be removed as it was causing a disruption.\u00a0<\/p>\n<p>In an email to residents, Dowell wrote that was being done after she fielded safety and mobility concerns from neighbors and that she was working with the CDOT to \u201creassess the design and placement of the protected bike lane to ensure the safety and accessibility of all people who use\u201d 18th Street.<\/p>\n<p><img loading=\"lazy\" data-recalc-dims=\"1\" decoding=\"async\" width=\"1024\" height=\"510\" src=\"https:\/\/www.europesays.com\/us\/wp-content\/uploads\/2026\/01\/18thStreetPBLClip-1024x510.png\" alt=\"A still from a video of bike advocate Viktor K\u00f6vas biking 18th Street last fall. K\u00f6vas said the protected bike lanes have had a positive impact on traffic at the intersection.\" class=\"wp-image-973937\"  \/>A still from a video of bike advocate Viktor K\u00f6vas biking 18th Street last fall. K\u00f6vas said the protected bike lanes have had a positive impact on traffic at the intersection. Credit: Provided.<\/p>\n<p>Website engineer and avid cyclist Viktor K\u00f6ves passes the intersection at 18th and Wabash several times a year. The longtime Logan Square resident <a href=\"https:\/\/blockclubchicago.org\/2024\/09\/24\/chicagoans-who-bike-series-marks-1-year-with-launch-of-youtube-channel\/\" target=\"_blank\" rel=\"noreferrer noopener\" data-wpel-link=\"internal\">launched a YouTube series in 2024<\/a> offering a glimpse into the lives of cyclists across the city.<\/p>\n<p>K\u00f6ves said he noticed a clear improvement in traffic patterns once the protected bike lanes were installed. K\u00f6ves recently filmed a short video of himself biking the affected areas for advocacy group Bike Grid Now. In the clip, K\u00f6ves passes stretches of unfinished concrete protections and painted lane markings, occasionally encountering a parked car partially obstructing the lane.<\/p>\n<p>\u201cThe intersection was working pretty well, and drivers were taking turns slowly and cautiously, which is the point of a protected intersection design,\u201d K\u00f6ves said. \u201cI think some people might not have liked it, but I think that is a different question than, \u2018Is it an effective design?\u2019 \u2018Is it impeding traffic?\u2019 You kind of have to flip that question on its head.<\/p>\n<p>\u201cThe goal of a protected intersection design is not to improve traffic. The goal is to save lives and create a safer space in an urban environment.\u201d<\/p>\n<p><strong>Listen to the Block Club Chicago podcast:<\/strong><\/p>\n","protected":false},"excerpt":{"rendered":"SOUTH LOOP \u2014 A project to install bike lanes in the South Loop has been paused \u2014 with&hellip;\n","protected":false},"author":3,"featured_media":504584,"comment_status":"","ping_status":"","sticky":false,"template":"","format":"standard","meta":{"footnotes":""},"categories":[5124],"tags":[5302,960,5386,1818],"class_list":{"0":"post-504583","1":"post","2":"type-post","3":"status-publish","4":"format-standard","5":"has-post-thumbnail","7":"category-chicago","8":"tag-bikes","9":"tag-chicago","10":"tag-il","11":"tag-illinois"},"share_on_mastodon":{"url":"https:\/\/pubeurope.com\/@us\/115867185659061939","error":""},"_links":{"self":[{"href":"https:\/\/www.europesays.com\/us\/wp-json\/wp\/v2\/posts\/504583","targetHints":{"allow":["GET"]}}],"collection":[{"href":"https:\/\/www.europesays.com\/us\/wp-json\/wp\/v2\/posts"}],"about":[{"href":"https:\/\/www.europesays.com\/us\/wp-json\/wp\/v2\/types\/post"}],"author":[{"embeddable":true,"href":"https:\/\/www.europesays.com\/us\/wp-json\/wp\/v2\/users\/3"}],"replies":[{"embeddable":true,"href":"https:\/\/www.europesays.com\/us\/wp-json\/wp\/v2\/comments?post=504583"}],"version-history":[{"count":0,"href":"https:\/\/www.europesays.com\/us\/wp-json\/wp\/v2\/posts\/504583\/revisions"}],"wp:featuredmedia":[{"embeddable":true,"href":"https:\/\/www.europesays.com\/us\/wp-json\/wp\/v2\/media\/504584"}],"wp:attachment":[{"href":"https:\/\/www.europesays.com\/us\/wp-json\/wp\/v2\/media?parent=504583"}],"wp:term":[{"taxonomy":"category","embeddable":true,"href":"https:\/\/www.europesays.com\/us\/wp-json\/wp\/v2\/categories?post=504583"},{"taxonomy":"post_tag","embeddable":true,"href":"https:\/\/www.europesays.com\/us\/wp-json\/wp\/v2\/tags?post=504583"}],"curies":[{"name":"wp","href":"https:\/\/api.w.org\/{rel}","templated":true}]}}