{"id":50689,"date":"2025-07-09T06:22:19","date_gmt":"2025-07-09T06:22:19","guid":{"rendered":"https:\/\/www.europesays.com\/us\/50689\/"},"modified":"2025-07-09T06:22:19","modified_gmt":"2025-07-09T06:22:19","slug":"colombo-hebrew-college-aaron-cohen-angelica-mejia-camilo-sellamen-camilo-fuentes-joel-amon","status":"publish","type":"post","link":"https:\/\/www.europesays.com\/us\/50689\/","title":{"rendered":"Colombo Hebrew College \/ Aar\u00f3n Cohen + Ang\u00e9lica Mej\u00eda + Camilo Sellam\u00e9n + Camilo Fuentes + Joel Am\u00f3n"},"content":{"rendered":"<p><a class=\"js-image-size__link \" href=\"https:\/\/www.archdaily.com\/1031813\/colombo-hebrew-college-aaron-cohen-plus-angelica-mejia-plus-camilo-sellamen-plus-camilo-fuentes-plus-joel-amon\/6863ec20720002000177f3ea-colombo-hebrew-college-aaron-cohen-plus-angelica-mejia-plus-camilo-sellamen-plus-camilo-fuentes-plus-joel-amon-photo\" rel=\"attachment noopener\" style=\"width: 100%; height: 100%;\" target=\"_blank\"><img decoding=\"async\" alt=\"Colombo Hebrew College \/ Aar\u00f3n Cohen + Ang\u00e9lica Mej\u00eda + Camilo Sellam\u00e9n + Camilo Fuentes + Joel Am\u00f3n - Image 1 of 36\" data-nr-picture-id=\"6863ec20720002000177f3ea\" fetchpriority=\"high\" height=\"426\" itemprop=\"image\" loading=\"eager\" longdesc=\"https:\/\/www.archdaily.com\/1031813\/colombo-hebrew-college-aaron-cohen-plus-angelica-mejia-plus-camilo-sellamen-plus-camilo-fuentes-plus-joel-amon\/6863ec20720002000177f3ea-colombo-hebrew-college-aaron-cohen-plus-angelica-mejia-plus-camilo-sellamen-plus-camilo-fuentes-plus-joel-amon-photo\" src=\"https:\/\/www.europesays.com\/us\/wp-content\/uploads\/2025\/07\/FACHADA-NORTE.jpg\" style=\"min-height: var(--featured-height, auto); aspect-ratio: auto 640 \/ 426\" width=\"640\"\/><\/a>\u00a9 Alejandro Arango<\/p>\n<p class=\"thumbs afd-desktop-e clearfix\"><a class=\"thumbs__link\" data-nr-picture-id=\"6863ec20720002000177f3e1\" href=\"https:\/\/www.archdaily.com\/1031813\/colombo-hebrew-college-aaron-cohen-plus-angelica-mejia-plus-camilo-sellamen-plus-camilo-fuentes-plus-joel-amon\/6863ec20720002000177f3e1-colombo-hebrew-college-aaron-cohen-plus-angelica-mejia-plus-camilo-sellamen-plus-camilo-fuentes-plus-joel-amon-photo\" rel=\"attachment noopener\" target=\"_blank\"><img loading=\"lazy\" decoding=\"async\" alt=\"Colombo Hebrew College \/ Aar\u00f3n Cohen + Ang\u00e9lica Mej\u00eda + Camilo Sellam\u00e9n + Camilo Fuentes + Joel Am\u00f3n - Image 2 of 36\" class=\"thumbs__img b-lazy\" data-nr-picture-id=\"6863ec20720002000177f3e1\" data-pin-nopin=\"true\" src=\"https:\/\/www.europesays.com\/us\/wp-content\/uploads\/2025\/07\/ATRIO-2.jpg\" height=\"125\" longdesc=\"https:\/\/www.archdaily.com\/1031813\/colombo-hebrew-college-aaron-cohen-plus-angelica-mejia-plus-camilo-sellamen-plus-camilo-fuentes-plus-joel-amon\/6863ec20720002000177f3e1-colombo-hebrew-college-aaron-cohen-plus-angelica-mejia-plus-camilo-sellamen-plus-camilo-fuentes-plus-joel-amon-photo\" title=\"\u00a9 Alejandro Arango\" width=\"125\"\/><\/a><a class=\"thumbs__link\" data-nr-picture-id=\"6863ec1e720002000177f3df\" href=\"https:\/\/www.archdaily.com\/1031813\/colombo-hebrew-college-aaron-cohen-plus-angelica-mejia-plus-camilo-sellamen-plus-camilo-fuentes-plus-joel-amon\/6863ec1e720002000177f3df-colombo-hebrew-college-aaron-cohen-plus-angelica-mejia-plus-camilo-sellamen-plus-camilo-fuentes-plus-joel-amon-photo\" rel=\"attachment noopener\" target=\"_blank\"><img loading=\"lazy\" decoding=\"async\" alt=\"Colombo Hebrew College \/ Aar\u00f3n Cohen + Ang\u00e9lica Mej\u00eda + Camilo Sellam\u00e9n + Camilo Fuentes + Joel Am\u00f3n - Interior Photography, Living Room, Chair\" class=\"thumbs__img b-lazy\" data-nr-picture-id=\"6863ec1e720002000177f3df\" data-pin-nopin=\"true\" src=\"https:\/\/www.europesays.com\/us\/wp-content\/uploads\/2025\/07\/AREA-EXTENSION-2.jpg\" height=\"125\" longdesc=\"https:\/\/www.archdaily.com\/1031813\/colombo-hebrew-college-aaron-cohen-plus-angelica-mejia-plus-camilo-sellamen-plus-camilo-fuentes-plus-joel-amon\/6863ec1e720002000177f3df-colombo-hebrew-college-aaron-cohen-plus-angelica-mejia-plus-camilo-sellamen-plus-camilo-fuentes-plus-joel-amon-photo\" title=\"\u00a9 Alejandro Arango\" width=\"125\"\/><\/a><a class=\"thumbs__link\" data-nr-picture-id=\"6863ec21720002000177f3f1\" href=\"https:\/\/www.archdaily.com\/1031813\/colombo-hebrew-college-aaron-cohen-plus-angelica-mejia-plus-camilo-sellamen-plus-camilo-fuentes-plus-joel-amon\/6863ec21720002000177f3f1-colombo-hebrew-college-aaron-cohen-plus-angelica-mejia-plus-camilo-sellamen-plus-camilo-fuentes-plus-joel-amon-photo\" rel=\"attachment noopener\" target=\"_blank\"><img loading=\"lazy\" decoding=\"async\" alt=\"Colombo Hebrew College \/ Aar\u00f3n Cohen + Ang\u00e9lica Mej\u00eda + Camilo Sellam\u00e9n + Camilo Fuentes + Joel Am\u00f3n - Exterior Photography, Courtyard\" class=\"thumbs__img b-lazy\" data-nr-picture-id=\"6863ec21720002000177f3f1\" data-pin-nopin=\"true\" src=\"https:\/\/www.europesays.com\/us\/wp-content\/uploads\/2025\/07\/PATIO-CENTRAL.jpg\" height=\"125\" longdesc=\"https:\/\/www.archdaily.com\/1031813\/colombo-hebrew-college-aaron-cohen-plus-angelica-mejia-plus-camilo-sellamen-plus-camilo-fuentes-plus-joel-amon\/6863ec21720002000177f3f1-colombo-hebrew-college-aaron-cohen-plus-angelica-mejia-plus-camilo-sellamen-plus-camilo-fuentes-plus-joel-amon-photo\" title=\"\u00a9 Alejandro Arango\" width=\"125\"\/><\/a><a class=\"thumbs__link\" data-nr-picture-id=\"6863ec21720002000177f3fa\" href=\"https:\/\/www.archdaily.com\/1031813\/colombo-hebrew-college-aaron-cohen-plus-angelica-mejia-plus-camilo-sellamen-plus-camilo-fuentes-plus-joel-amon\/6863ec21720002000177f3fa-colombo-hebrew-college-aaron-cohen-plus-angelica-mejia-plus-camilo-sellamen-plus-camilo-fuentes-plus-joel-amon-photo\" rel=\"attachment noopener\" target=\"_blank\"><img loading=\"lazy\" decoding=\"async\" alt=\"Colombo Hebrew College \/ Aar\u00f3n Cohen + Ang\u00e9lica Mej\u00eda + Camilo Sellam\u00e9n + Camilo Fuentes + Joel Am\u00f3n - Interior Photography, Dining room, Chair\" class=\"thumbs__img b-lazy\" data-nr-picture-id=\"6863ec21720002000177f3fa\" data-pin-nopin=\"true\" src=\"https:\/\/www.europesays.com\/us\/wp-content\/uploads\/2025\/07\/SALON-MUSICA.jpg\" height=\"125\" longdesc=\"https:\/\/www.archdaily.com\/1031813\/colombo-hebrew-college-aaron-cohen-plus-angelica-mejia-plus-camilo-sellamen-plus-camilo-fuentes-plus-joel-amon\/6863ec21720002000177f3fa-colombo-hebrew-college-aaron-cohen-plus-angelica-mejia-plus-camilo-sellamen-plus-camilo-fuentes-plus-joel-amon-photo\" title=\"\u00a9 Alejandro Arango\" width=\"125\"\/><\/a><a class=\"gallery-link afd-desktop-e\" href=\"https:\/\/www.archdaily.com\/1031813\/colombo-hebrew-college-aaron-cohen-plus-angelica-mejia-plus-camilo-sellamen-plus-camilo-fuentes-plus-joel-amon\/6863ec20720002000177f3ea-colombo-hebrew-college-aaron-cohen-plus-angelica-mejia-plus-camilo-sellamen-plus-camilo-fuentes-plus-joel-amon-photo\" target=\"_blank\" rel=\"noopener\"><img decoding=\"async\" alt=\"Colombo Hebrew College \/ Aar\u00f3n Cohen + Ang\u00e9lica Mej\u00eda + Camilo Sellam\u00e9n + Camilo Fuentes + Joel Am\u00f3n - More Images\" class=\"thumbs__img b-lazy\" src=\"https:\/\/www.europesays.com\/us\/wp-content\/uploads\/2025\/07\/FACHADA-NORTE.jpg\" itemprop=\"image\" bad-src=\"data:image\/gif;base64,R0lGODlhAQABAIAAAAUEBAAAACwAAAAAAQABAAACAkQBADs=\"\/>+ 31<\/a><\/p>\n<p>    Share<\/p>\n<p>Share<\/p>\n<ul class=\"afd-share__networks clearfix\">\n<li class=\"afd-share__social\"><a aria-label=\"Facebook\" class=\"afd-share__button\" data-insights-category=\"share\" data-insights-label=\"facebook_sharing_options\" data-insights-value=\"1031813\" data-social=\"facebook\" href=\"https:\/\/www.facebook.com\/sharer\/sharer.php?u=https:\/\/www.archdaily.com\/1031813\/colombo-hebrew-college-aaron-cohen-plus-angelica-mejia-plus-camilo-sellamen-plus-camilo-fuentes-plus-joel-amon\" target=\"_blank\" rel=\"noopener\"><\/a>\n<p>Facebook<\/p>\n<\/li>\n<li class=\"afd-share__social\"><a aria-label=\"Twitter\" class=\"afd-share__button\" data-insights-category=\"share\" data-insights-label=\"twitter_sharing_options\" data-insights-value=\"1031813\" data-social=\"twitter\" href=\"https:\/\/twitter.com\/intent\/tweet?text=Colombo%20Hebrew%20College%20%2F%20Aar%C3%B3n%20Cohen%20%2B%20Ang%C3%A9lica%20Mej%C3%ADa%20%2B%20Camilo%20Sellam%C3%A9n%20%2B%20Camilo%20Fuentes%20%2B%20Joel%20Am%C3%B3n&amp;url=https:\/\/www.archdaily.com\/1031813\/colombo-hebrew-college-aaron-cohen-plus-angelica-mejia-plus-camilo-sellamen-plus-camilo-fuentes-plus-joel-amon&amp;via=archdaily\" target=\"_blank\" rel=\"noopener\"><\/a>\n<p>Twitter<\/p>\n<\/li>\n<li class=\"afd-share__social\"><a class=\"afd-share__button\" data-insights-category=\"share\" data-insights-label=\"email_sharing_options\" data-insights-value=\"1031813\" data-social=\"email\" href=\"mailto:?subject=Colombo Hebrew College \/ Aar\u00f3n Cohen + Ang\u00e9lica Mej\u00eda + Camilo Sellam\u00e9n + Camilo Fuentes + Joel Am\u00f3n&amp;body=https:\/\/www.archdaily.com\/1031813\/colombo-hebrew-college-aaron-cohen-plus-angelica-mejia-plus-camilo-sellamen-plus-camilo-fuentes-plus-joel-amon\"><\/a>\n<p>Mail<\/p>\n<\/li>\n<li class=\"afd-share__social\"><a aria-label=\"Pinterest\" class=\"afd-share__button\" data-insights-category=\"share\" data-insights-label=\"pinterest_sharing_options\" data-insights-value=\"1031813\" data-social=\"pinterest\" href=\"https:\/\/pinterest.com\/pin\/create\/button\/?url=https%3A%2F%2Fwww.archdaily.com%2F1031813%2Fcolombo-hebrew-college-aaron-cohen-plus-angelica-mejia-plus-camilo-sellamen-plus-camilo-fuentes-plus-joel-amon&amp;media=https%3A%2F%2Fimages.adsttc.com%2Fmedia%2Fimages%2F6863%2Fec20%2F7200%2F0200%2F0177%2Ff3ea%2Flarge_jpg%2FFACHADA-NORTE.jpg%3F1751378998&amp;description=Colombo%20Hebrew%20College%20%2F%20Aar%C3%B3n%20Cohen%20%2B%20Ang%C3%A9lica%20Mej%C3%ADa%20%2B%20Camilo%20Sellam%C3%A9n%20%2B%20Camilo%20Fuentes%20%2B%20Joel%20Am%C3%B3n\" target=\"_blank\" rel=\"noopener\"><\/a>\n<p>Pinterest<\/p>\n<\/li>\n<li class=\"afd-share__social\"><a aria-label=\"Whatsapp\" class=\"afd-share__button\" data-action=\"share\/whatsapp\/share\" data-insights-category=\"share\" data-insights-label=\"whatsapp_sharing_options\" data-insights-value=\"1031813\" data-social=\"whatsapp\" href=\"whatsapp:\/\/send?text=Colombo+Hebrew+College+%2F+Aar%C3%B3n+Cohen+%2B+Ang%C3%A9lica+Mej%C3%ADa+%2B+Camilo+Sellam%C3%A9n+%2B+Camilo+Fuentes+%2B+Joel+Am%C3%B3n+%7C+https%3A%2F%2Fwww.archdaily.com%2F1031813%2Fcolombo-hebrew-college-aaron-cohen-plus-angelica-mejia-plus-camilo-sellamen-plus-camilo-fuentes-plus-joel-amon%3Futm_source%3DWhatsapp%26utm_medium%3DIM%26utm_campaign%3Dshare-button\" rel=\"nofollow\"><\/a>\n<p>Whatsapp<\/p>\n<\/li>\n<\/ul>\n<p>Or<\/p>\n<p>https:\/\/www.archdaily.com\/1031813\/colombo-hebrew-college-aaron-cohen-plus-angelica-mejia-plus-camilo-sellamen-plus-camilo-fuentes-plus-joel-amon<br \/>\n<a class=\"js-image-size__link lazy-anchor\" href=\"https:\/\/www.archdaily.com\/1031813\/colombo-hebrew-college-aaron-cohen-plus-angelica-mejia-plus-camilo-sellamen-plus-camilo-fuentes-plus-joel-amon\/6863ec21720002000177f3f1-colombo-hebrew-college-aaron-cohen-plus-angelica-mejia-plus-camilo-sellamen-plus-camilo-fuentes-plus-joel-amon-photo\" target=\"_blank\" rel=\"noopener\"><img decoding=\"async\" alt=\"Colombo Hebrew College \/ Aar\u00f3n Cohen + Ang\u00e9lica Mej\u00eda + Camilo Sellam\u00e9n + Camilo Fuentes + Joel Am\u00f3n - Exterior Photography, Courtyard\" data-nr-picture-id=\"6863ec21720002000177f3f1\" height=\"427\" itemprop=\"image\" loading=\"lazy\" longdesc=\"https:\/\/www.archdaily.com\/1031813\/colombo-hebrew-college-aaron-cohen-plus-angelica-mejia-plus-camilo-sellamen-plus-camilo-fuentes-plus-joel-amon\/6863ec21720002000177f3f1-colombo-hebrew-college-aaron-cohen-plus-angelica-mejia-plus-camilo-sellamen-plus-camilo-fuentes-plus-joel-amon-photo\" src=\"https:\/\/www.europesays.com\/us\/wp-content\/uploads\/2025\/07\/1752042136_660_PATIO-CENTRAL.jpg\" width=\"640\"\/>\u00a9 Alejandro Arango<\/a><\/p>\n<p>Text description provided by the architects. The renovation of the Colegio Colombo Hebreo in Bogot\u00e1 is the most ambitious project that the Jewish community has undertaken in the city of Bogot\u00e1 in the last 40 years. After more than 70 years of organic growth without a defined master plan for its campus, a historic opportunity arose to rethink and project it for the next 50 years. The plan required the sale of almost a third of the land to finance the project, which necessitated a complete rethinking of the arrangement of the new buildings within the campus.<\/p>\n<p><img decoding=\"async\" src=\"https:\/\/www.europesays.com\/us\/wp-content\/uploads\/2025\/06\/loader-blue.gif\" alt=\"Content Loader\" style=\"width: 40px; margin: 24px;\"\/><script async src=\"https:\/\/platform.twitter.com\/widgets.js\" charset=\"utf-8\"><\/script><\/p>\n","protected":false},"excerpt":{"rendered":"\u00a9 Alejandro Arango + 31 Share Share Facebook Twitter Mail Pinterest Whatsapp Or https:\/\/www.archdaily.com\/1031813\/colombo-hebrew-college-aaron-cohen-plus-angelica-mejia-plus-camilo-sellamen-plus-camilo-fuentes-plus-joel-amon \u00a9 Alejandro Arango Text&hellip;\n","protected":false},"author":3,"featured_media":50690,"comment_status":"","ping_status":"","sticky":false,"template":"","format":"standard","meta":{"footnotes":""},"categories":[32],"tags":[2513,648,1032,12574,1033,2514,171,3060,67,132,68],"class_list":{"0":"post-50689","1":"post","2":"type-post","3":"status-publish","4":"format-standard","5":"has-post-thumbnail","7":"category-arts-and-design","8":"tag-architecture","9":"tag-arts","10":"tag-arts-and-design","11":"tag-bogota","12":"tag-design","13":"tag-educational-architecture","14":"tag-entertainment","15":"tag-schools","16":"tag-united-states","17":"tag-unitedstates","18":"tag-us"},"share_on_mastodon":{"url":"https:\/\/pubeurope.com\/@us\/114821840566969537","error":""},"_links":{"self":[{"href":"https:\/\/www.europesays.com\/us\/wp-json\/wp\/v2\/posts\/50689","targetHints":{"allow":["GET"]}}],"collection":[{"href":"https:\/\/www.europesays.com\/us\/wp-json\/wp\/v2\/posts"}],"about":[{"href":"https:\/\/www.europesays.com\/us\/wp-json\/wp\/v2\/types\/post"}],"author":[{"embeddable":true,"href":"https:\/\/www.europesays.com\/us\/wp-json\/wp\/v2\/users\/3"}],"replies":[{"embeddable":true,"href":"https:\/\/www.europesays.com\/us\/wp-json\/wp\/v2\/comments?post=50689"}],"version-history":[{"count":0,"href":"https:\/\/www.europesays.com\/us\/wp-json\/wp\/v2\/posts\/50689\/revisions"}],"wp:featuredmedia":[{"embeddable":true,"href":"https:\/\/www.europesays.com\/us\/wp-json\/wp\/v2\/media\/50690"}],"wp:attachment":[{"href":"https:\/\/www.europesays.com\/us\/wp-json\/wp\/v2\/media?parent=50689"}],"wp:term":[{"taxonomy":"category","embeddable":true,"href":"https:\/\/www.europesays.com\/us\/wp-json\/wp\/v2\/categories?post=50689"},{"taxonomy":"post_tag","embeddable":true,"href":"https:\/\/www.europesays.com\/us\/wp-json\/wp\/v2\/tags?post=50689"}],"curies":[{"name":"wp","href":"https:\/\/api.w.org\/{rel}","templated":true}]}}