{"id":509380,"date":"2026-01-11T21:47:17","date_gmt":"2026-01-11T21:47:17","guid":{"rendered":"https:\/\/www.europesays.com\/us\/509380\/"},"modified":"2026-01-11T21:47:17","modified_gmt":"2026-01-11T21:47:17","slug":"amid-historic-restaurant-closures-a-little-tokyo-gem-reopens","status":"publish","type":"post","link":"https:\/\/www.europesays.com\/us\/509380\/","title":{"rendered":"Amid historic restaurant closures, a Little Tokyo gem reopens"},"content":{"rendered":"\n<p>Amid record restaurant closures, several openings and reopenings show it\u2019s hard to keep L.A. down. I\u2019m Laurie Ochoa, general manager of L.A. Times Food, with this week\u2019s Tasting Notes.<\/p>\n<p>Finding joy \u2014 and hope \u2014 in a Japanese breakfast            <img class=\"image\" alt=\"Chawanmushi, hot Japanese egg custard.\"   width=\"1200\" height=\"1600\" src=\"https:\/\/www.europesays.com\/us\/wp-content\/uploads\/2026\/01\/1768168031_785_.jpeg\" decoding=\"async\" loading=\"lazy\"\/>         <\/p>\n<p>Chawanmushi, the Japanese egg custard served hot at Azay in Little Tokyo.<\/p>\n<p>(Laurie Ochoa \/ Los Angeles Times)<\/p>\n<p>On a recent Saturday morning, I ate one of my favorite meals in Los Angeles \u2014 one that I was starting to worry I\u2019d never have again. <\/p>\n<p><a class=\"link\" href=\"https:\/\/bit.ly\/3YBZdsS\" target=\"_blank\" rel=\"noopener\"><b>Azay<\/b> in Little Tokyo<\/a>, opened in 2019 by the <a class=\"link\" href=\"https:\/\/www.latimes.com\/food\/story\/2024-10-09\/genre-bending-japanese-french-chef-akira-hirose-dies-at-70-at-azay-his-flavors-and-flair-will-live-on\" target=\"_blank\" rel=\"noopener\">late chef <b>Akira Hirose<\/b><\/a> \u2014 a <a class=\"link\" href=\"https:\/\/www.latimes.com\/food\/newsletter\/2024-10-19\/french-japanese-cuisine-california-big-kid-baby-food-tasting-notes\" target=\"_blank\" rel=\"noopener\">pioneer in L.A.\u2019s Franco-Japanese aesthetic<\/a> going back to the 1980s \u2014 closed last year after a fire in its building caused water damage in the restaurant. Renovations were promised but as the months went on, I worried that Azay would suffer the fate of many other restaurants whose temporary closures became permanent. <\/p>\n<p>Then came the good news that in mid-December Azay would reopen for breakfast and lunch (for now, at least, the dinners that the talented chef <b>Chris Ono<\/b> had begun are not happening).<\/p>\n<p>I made a reservation almost immediately \u2014 much easier to do on the <a class=\"link\" href=\"https:\/\/bit.ly\/3NdZAaM\" target=\"_blank\" rel=\"noopener\">revamped website<\/a> \u2014 since there is almost always a wait for weekend walk-ins. <\/p>\n<p>We were greeted with hot barley tea and quickly settled into a comforting welcome-back cup of chawanmushi, the silky egg custard served hot with hidden bits of shrimp, enoki mushrooms and salmon roe. <\/p>\n<p>I ordered the Japanese breakfast with saba, one of the best plates of food to be found in Los Angeles. The saba, or mackerel, is broiled until its skin is crisply bubbled and then served with a bowl of fragrant, beautifully made rice, brightly colored Japanese pickles, a block of tender tofu drizzled with soy sauce and scallions, warm miso soup, seasonal fruit (half a Satsuma mandarin on this day) and the bite I always save for last \u2014 an expertly rolled omelet or dashimaki tamago. <\/p>\n<p>After chatting with <b>Philip Hirose<\/b>, Akira\u2019s son, and stopping next door at the new incarnation of his family\u2019s <a class=\"link\" href=\"https:\/\/bit.ly\/4syEgN1\" target=\"_blank\" rel=\"noopener\"><b>Anzen Hardware<\/b><\/a>, the historic Little Tokyo shop that closed in 2023 after longtime owner <b>Nori Takatani<\/b> retired (the store, relocated inside <b>California Floral Company<\/b>, is a good place to buy a Japanese vegetable slicer, much more affordable than a French mandoline), I left happy and optimistic about the new year ahead. As reporter Thomas Curwen <a class=\"link\" href=\"https:\/\/www.latimes.com\/california\/story\/2024-08-02\/we-need-to-define-our-future-little-tokyo-evolves-and-survives\" target=\"_blank\" rel=\"noopener\">wrote a while back in a deep dive on the neighborhood<\/a>, many historic Japanese businesses in Little Tokyo are disappearing or at risk of closing, making the revival of Azay and Anzen Hardware especially important.<\/p>\n<p>Even so, the reopenings come in the midst of a spate of distressing restaurant news.<\/p>\n<p>Closures include L.A.\u2019s oldest restaurant<\/p>\n<p>Three weeks after restaurant critic Bill Addison and columnist Jenn Harris came out with their picks celebrating <a class=\"link\" href=\"https:\/\/www.latimes.com\/food\/list\/101-best-restaurants-los-angeles\" target=\"_blank\" rel=\"noopener\">the 101 best restaurants in Los Angeles<\/a>, reporter Stephanie Breijo put together a very different list. This one marked the sobering tally of <a class=\"link\" href=\"https:\/\/www.latimes.com\/food\/story\/2025-12-31\/more-than-100-la-restaurant-closures-in-2025\" target=\"_blank\" rel=\"noopener\">101 restaurants that closed in 2025<\/a>. <\/p>\n<p>It was a follow-up to Breijo\u2019s earlier report on <a class=\"link\" href=\"https:\/\/www.latimes.com\/food\/story\/2025-12-22\/state-of-la-restaurants-2025-fires-ice-raids-tariffs-impact\" target=\"_blank\" rel=\"noopener\">the tough economic climate restaurateurs are facing<\/a> for a number of reasons, including the  effects of the Palisades and Altadena fires and rising labor and food costs. <\/p>\n<p>\u201cOf the L.A. restaurateurs surveyed\u201d by the California Restaurant Assn., wrote Breijo, \u201c84.8% said traffic is down compared with last year.\u201d<\/p>\n<p>With the new year, we got word of two more significant closures. <b>Horses<\/b>, which inhabited a historic Hollywood space and survived the notoriety of an acrimonious divorce between its two founding chefs, <a class=\"link\" href=\"https:\/\/www.latimes.com\/food\/story\/2026-01-06\/la-restaurant-horses-closes\" target=\"_blank\" rel=\"noopener\">closed abruptly in late December<\/a>. Breijo reported that the restaurant was facing significant tax liens and and building maintenance issues. <\/p>\n<p>And last week, <b>the Original Saugus Cafe<\/b>, known as the longest-operating restaurant in Los Angeles County, <a class=\"link\" href=\"https:\/\/www.latimes.com\/food\/story\/2026-01-06\/oldest-restaurant-in-los-angeles-county-has-closed\" target=\"_blank\" rel=\"noopener\">served what many thought would be the historic spot\u2019s final meal on Jan. 4.<\/a> An announcement had gone out that the 139-year-old cafe, <a class=\"link\" href=\"https:\/\/www.latimes.com\/archives\/la-xpm-1998-aug-17-me-13953-story.html\" target=\"_blank\" rel=\"noopener\">run since 1998 by <b>Alfredo Mercado <\/b>and his family<\/a>, was shutting down for good. Then on Monday, as <a class=\"link\" href=\"https:\/\/www.latimes.com\/food\/story\/2026-01-06\/oldest-restaurant-in-los-angeles-county-has-closed\" target=\"_blank\" rel=\"noopener\">reported in a story<\/a> by Jenn Harris and Juliana Yamada, a new announcement appeared on a window of the adjacent <b>Saugus Superette<\/b> saying that the cafe would reopen under new management. The closure, said the sign, was only a \u201cbrief transition period.\u201d<\/p>\n<p>Now comes word that the transition might include a legal battle with the building\u2019s landlords. As first <a class=\"link\" href=\"https:\/\/bit.ly\/4qjxM3g\" target=\"_blank\" rel=\"noopener\">reported by Perry Smith of the Santa Clarita Valley Signa<\/a>l, a law firm representing the Mercado family sent a cease-and-desist letter to North Valley Construction Co., run by the family of <b>Hank Arklin Sr<\/b>., who was said to be on good terms with the Mercados until his Aug. 1 death. The Mercados say they own the Original Saugus Cafe name and want to continue operating the restaurant or be compensated for use of the business\u2019s name. A representative for Arklin family say the Mercados have nothing to sell. With the restaurant\u2019s future uncertain, for now the Original Saugus Cafe has joined the tally of notable restaurant closures.<\/p>\n<p>            <img class=\"image\" alt=\"A woman carries plates of food.\"   width=\"1200\" height=\"800\" src=\"https:\/\/www.europesays.com\/us\/wp-content\/uploads\/2026\/01\/1768168033_626_.jpeg\" decoding=\"async\" loading=\"lazy\"\/>         <\/p>\n<p>Michaela Vuong serves food at the Original Saugus Cafe during what many thought would be the restaurant\u2019s last day of business on Jan. 4. Vuong has worked at the cafe for about 25 years.<\/p>\n<p>(Juliana Yamada \/ Los Angeles Times)<\/p>\n<p>       New vitality in tough times<\/p>\n<p>Yet even with the losses documented by Breijo of so many places I loved \u2014 among them, two <b>L.A. Times Gold Award <\/b>winners, <a class=\"link\" href=\"https:\/\/www.latimes.com\/food\/story\/2025-01-27\/cassia-la-singaporean-restaurant-to-close-february\" target=\"_blank\" rel=\"noopener\"><b>Cassia<\/b><\/a> (<a class=\"link\" href=\"https:\/\/www.latimes.com\/food\/la-fo-food-bowl-gold-award-bryant-ng-kim-luu-ng-20190428-story.html\" target=\"_blank\" rel=\"noopener\">honored in 2019<\/a>) and <a class=\"link\" href=\"https:\/\/www.latimes.com\/food\/story\/2025-02-06\/post-and-beam-black-owned-restaurant-announces-permanent-closure\" target=\"_blank\" rel=\"noopener\"><b>Post &amp; Beam<\/b><\/a> (<a class=\"link\" href=\"https:\/\/www.latimes.com\/food\/story\/2020-07-30\/team-behind-post-beam-receives-the-times-fourth-gold-award\" data-autoplayable-video=\"true\" target=\"_blank\" rel=\"noopener\">honored in 2020<\/a>), plus <a class=\"link\" href=\"https:\/\/www.latimes.com\/food\/story\/2025-05-08\/koreatown-heres-looking-at-you-to-close\" target=\"_blank\" rel=\"noopener\"><b>Here\u2019s Looking at You<\/b><\/a>, <a class=\"link\" href=\"https:\/\/www.latimes.com\/food\/story\/2025-04-17\/la-restaurant-yangban-closes-downtown\" target=\"_blank\" rel=\"noopener\"><b>Yangban<\/b><\/a>, <a class=\"link\" href=\"https:\/\/www.latimes.com\/food\/la-fo-gold-wexlers-deli-20140802-story.html\" target=\"_blank\" rel=\"noopener\"><b>Wexler\u2019s Deli<\/b><\/a>, <a class=\"link\" href=\"https:\/\/www.latimes.com\/la-fo-review30apr30-story.html\" target=\"_blank\" rel=\"noopener\"><b>Akasha<\/b><\/a>, <a class=\"link\" href=\"https:\/\/www.latimes.com\/food\/story\/2025-04-06\/papa-cristos-closing-dupars-chili-johns-struggling-la-old-restaurants-in-trouble\" target=\"_blank\" rel=\"noopener\"><b>Papa Cristo\u2019s<\/b><\/a>, <a class=\"link\" href=\"https:\/\/www.latimes.com\/food\/story\/2025-06-25\/aoc-brentwood-wine-bar-closing-manila-inasal-questlove-mixtape-miznon\" target=\"_blank\" rel=\"noopener\"><b>A.O.C. Brentwood,<\/b><\/a> <a class=\"link\" href=\"https:\/\/www.latimes.com\/food\/story\/2020-02-09\/first-look-massimo-botturas-first-los-angeles-restaurant\" target=\"_blank\" rel=\"noopener\"><b>Gucci Osteria<\/b><\/a>, where <b>Mattia Agazzi<\/b> made <a class=\"link\" href=\"https:\/\/bit.ly\/4qLn7OD\" target=\"_blank\" rel=\"noopener\">a spectacular version of <b>Massimo Bottura<\/b>\u2018s tortellini,<\/a> and <a class=\"link\" href=\"https:\/\/www.latimes.com\/food\/story\/2025-12-09\/iconic-helms-bakery-to-close-this-weekend-i-really-wanted-helms-sign-to-mean-something-again\" target=\"_blank\" rel=\"noopener\"><b>Sang Yoon\u2019s <\/b>too-short-lived <b>Helms Bakery<\/b><\/a> \u2014 I continue to believe in the resilience and inventiveness of Los Angeles\u2019 chefs and restaurateurs.<\/p>\n<p>Just  last week <a class=\"link\" href=\"https:\/\/www.latimes.com\/food\/story\/2026-01-08\/altadena-restaurants-betsy-miya-thai-la-times-review-bill-addison\" target=\"_blank\" rel=\"noopener\">Addison reviewed two restaurants, <b>Betsy<\/b> and <b>Miya<\/b><\/a>, which, as he wrote, are \u201cboth owned by Altadena residents whose houses were consumed in flames, and whose businesses were spared enough damage that they could reopen last year.\u201d<\/p>\n<p><b>David Tewasart<\/b> and <b>Clarissa Chin\u2018s <\/b>Miya is one of the <a class=\"link\" href=\"https:\/\/www.latimes.com\/food\/newsletter\/2025-04-26\/altadena-fire-recovery-business-slow-reopenings-enrique-olvera-mole\" target=\"_blank\" rel=\"noopener\">touchstone places I was watching for signs of recovery in Altadena<\/a> \u2014 I\u2019ve again become a regular there for both takeout and an easy dinner out. And <b>Tyler Wells<\/b>\u2019 Betsy is a welcome romantic date-night spot so needed in a neighborhood still in recovery mode.<\/p>\n<p>            <img class=\"image\" alt=\"Diners at a table outside the restaurant Betsy in Altadena.\"   width=\"1200\" height=\"869\" src=\"https:\/\/www.europesays.com\/us\/wp-content\/uploads\/2026\/01\/1768168034_310_.jpeg\" decoding=\"async\" loading=\"lazy\"\/>         <\/p>\n<p>Tyler Wells\u2019 reopened and renamed Altadena restaurant Betsy is bringing new life to a block surrounded by burned-out businesses a year after the Eaton fire.<\/p>\n<p>(Myung J. Chun \/ Los Angeles Times)<\/p>\n<p>\u201cThey are entirely different places,\u201d Addison wrote. \u201cBetsy falls into the category of ambitious American bistro, powered by a central open hearth. Just across the street, Miya is a quirky, two-room Thai charmer with a relatively concise menu of curries, noodles, soups, salads and vegetables. Geography and tragedy unite them, as does the purr of comfort inherent in their cooking.\u201d<\/p>\n<p>The week before, <a class=\"link\" href=\"https:\/\/www.latimes.com\/food\/story\/2026-01-02\/why-korean-tasting-menu-stunner-ki-is-best-new-restaurant-of-2025\" target=\"_blank\" rel=\"noopener\">Addison reviewed an even more ambitious spot, the 10-seat <b>Restaurant Ki<\/b><\/a>, where chef <b>Ki Kim<\/b> presents a modern Korean tasting menu. Addison called it the best L.A. restaurant to open in 2025.<\/p>\n<p>And of a noodle dish amped with concentrated Dungeness crab stock at Ki, Addison said  it was  \u201cthe finest example of how, beyond thrilling skill and narrative clarity, Kim carries off the rarest of feats in fine dining: He conveys heart.\u201d<\/p>\n<p>            <img class=\"image\" alt=\"A noodle bowl at Restaurant Ki.\"   width=\"1200\" height=\"800\" src=\"https:\/\/www.europesays.com\/us\/wp-content\/uploads\/2026\/01\/1768168035_771_.jpeg\" decoding=\"async\" loading=\"lazy\"\/>         <\/p>\n<p>At Restaurant Ki in downtown Los Angeles, Keizo\u2019s noodles with pine mushroom and Dungeness crab and caviar.<\/p>\n<p>(Myung J. Chun \/ Los Angeles Times)<\/p>\n<p>Then, in her most recent column, <a class=\"link\" href=\"https:\/\/www.latimes.com\/food\/story\/2026-01-05\/baco-mercat-bar-ama-le-draq-downtown-los-angeles-restaurant\" target=\"_blank\" rel=\"noopener\">Harris wrote of the rebirth of chef <b>Josef Centeno<\/b>\u2018s pandemic-closed restaurant <b>B\u00e4co Mercat<\/b><\/a> in his downtown <b>Bar Am\u00e1<\/b> space under the new name <b>Le Dr\u00e4q by Bar Am\u00e1 and B\u00e4co Mercat.<\/b><\/p>\n<p>\u201cIt means shapeshifter,\u201d Centeno told Harris, \u201cor like Dracula.\u201d<\/p>\n<p>Shapeshifting is certainly a good way to describe Los Angeles\u2019 dining scene. The openings and rebirths of Azay, Miya, Betsy, Restaurant Ki and Le Dr\u00e4q, five very different but essential places, show the strength of L.A. restaurants even in tough times.<\/p>\n<p>The big heart behind Little Flower            <img class=\"image\" alt=\"Christine Moore talks with customers.\"   width=\"1200\" height=\"719\" src=\"https:\/\/www.europesays.com\/us\/wp-content\/uploads\/2026\/01\/1768168035_464_.jpeg\" decoding=\"async\" loading=\"lazy\"\/>         <\/p>\n<p>Christine Moore visits with customers at her Pasadena restaurant Lincoln in 2015. Moore, who died Jan. 4, ran Lincoln until 2020 and was still running Little Flower cafe in Pasadena.<\/p>\n<p>(Anne Cusack \/ Los Angeles Times)<\/p>\n<p>The last time I saw <b>Christine Moore<\/b> at her <b>Little Flower Cafe<\/b>, the chef, candy maker and entrepreneur behind two essential Pasadena gathering spots gave me a big hug, brought me a scone and wanted to know about everything that was happening in my life. As <a class=\"link\" href=\"https:\/\/www.latimes.com\/entertainment-arts\/books\/story\/2025-05-13\/michelle-huneven-altadena-home-burned-new-book-bug-hollow\" target=\"_blank\" rel=\"noopener\">novelist Michelle Huneven<\/a> wrote in her lovely <a class=\"link\" href=\"https:\/\/www.latimes.com\/food\/story\/2026-01-08\/christine-moore-little-flower-cafe-founder-dies-62\" target=\"_blank\" rel=\"noopener\">obituary for Moore, who died suddenly<\/a> on Jan. 4, this was not an unusual occurrence. <\/p>\n<p>\u201cHer hugs were famous,\u201d Huneven wrote. Moore\u2019s friend and the publisher of <a class=\"link\" href=\"https:\/\/bit.ly\/4jy0LxP\" target=\"_blank\" rel=\"noopener\">two Little Flower cookbooks<\/a>, <b>Colleen Dunn Bates<\/b>, told Huneven, \u201cShe gives you a hug and in short order, you are talking on a really deep topic. &#8230; She cared so much. Everybody was friends with her.\u201d<\/p>\n<p>Her deep passion, openness and generous spirit are just some of the reasons Little Flower Cafe and the north Pasadena restaurant Lincoln, which she ran for six years until the pandemic, became essential gathering places. And, boy did she make a mean scone. <\/p>\n<p>For a fuller picture about why she\u2019ll be missed, read <a class=\"link\" href=\"https:\/\/www.latimes.com\/food\/story\/2026-01-08\/christine-moore-little-flower-cafe-founder-dies-62\" target=\"_blank\" rel=\"noopener\">Huneven\u2019s obit<\/a> and listen to the tribute KCRW\u2019s <b>\u201cGood Food\u201d<\/b> host <a class=\"link\" href=\"https:\/\/bit.ly\/459Gtom\" target=\"_blank\" rel=\"noopener\"><b>Evan Kleiman<\/b> put together<\/a> with some of L.A.\u2019s best chefs talking about Moore\u2019s impact.<\/p>\n<p>        You\u2019re reading Tasting Notes     <\/p>\n<p data-element=\"module-description\" class=\"mt-0 mb-4 max-w-150 font-cms-font-service-text text-xs-2 text-cms-color-description-text leading-4.5\">Our L.A. Times restaurant experts share insights and off-the-cuff takes on where they\u2019re eating right now.<\/p>\n<p data-element=\"module-disclaimer\" class=\"inline-block max-w-lg mt-0 mb-3 font-cms-font-service-text text-xs text-cms-color-disclaimer-text [&amp;_a]:underline\"> By continuing, you agree to our <a class=\"link\" href=\"https:\/\/www.latimes.com\/terms-of-service\" target=\"_blank\" rel=\"noopener\">Terms of Service<\/a> and our <a class=\"link\" href=\"https:\/\/www.latimes.com\/privacy-policy\" target=\"_blank\" rel=\"noopener\">Privacy Policy<\/a>. <\/p>\n<p>        Also &#8230;            <img class=\"image\" alt=\"tasting notes footer\"   width=\"1200\" height=\"634\" src=\"https:\/\/www.europesays.com\/us\/wp-content\/uploads\/2026\/01\/1768168037_267_.png\" decoding=\"async\" loading=\"lazy\"\/>            <\/p>\n","protected":false},"excerpt":{"rendered":"Amid record restaurant closures, several openings and reopenings show it\u2019s hard to keep L.A. down. I\u2019m Laurie Ochoa,&hellip;\n","protected":false},"author":3,"featured_media":509381,"comment_status":"","ping_status":"","sticky":false,"template":"","format":"standard","meta":{"footnotes":""},"categories":[5123],"tags":[1582,276,8466,8459,8468,8465,8464,6276,2961,8467,224,2444,5337,8460,6566,8463,8461,2452,8462,1628],"class_list":{"0":"post-509380","1":"post","2":"type-post","3":"status-publish","4":"format-standard","5":"has-post-thumbnail","7":"category-los-angeles","8":"tag-ca","9":"tag-california","10":"tag-counter","11":"tag-custard-filled-french-toast","12":"tag-customer","13":"tag-fried-rice","14":"tag-hong-kong","15":"tag-l-a","16":"tag-la","17":"tag-liu-sha-bao","18":"tag-los-angeles","19":"tag-los-angeles-times","20":"tag-losangeles","21":"tag-needle","22":"tag-place","23":"tag-restaurant","24":"tag-ryan-wong","25":"tag-week","26":"tag-wong","27":"tag-year"},"share_on_mastodon":{"url":"https:\/\/pubeurope.com\/@us\/115878667953351395","error":""},"_links":{"self":[{"href":"https:\/\/www.europesays.com\/us\/wp-json\/wp\/v2\/posts\/509380","targetHints":{"allow":["GET"]}}],"collection":[{"href":"https:\/\/www.europesays.com\/us\/wp-json\/wp\/v2\/posts"}],"about":[{"href":"https:\/\/www.europesays.com\/us\/wp-json\/wp\/v2\/types\/post"}],"author":[{"embeddable":true,"href":"https:\/\/www.europesays.com\/us\/wp-json\/wp\/v2\/users\/3"}],"replies":[{"embeddable":true,"href":"https:\/\/www.europesays.com\/us\/wp-json\/wp\/v2\/comments?post=509380"}],"version-history":[{"count":0,"href":"https:\/\/www.europesays.com\/us\/wp-json\/wp\/v2\/posts\/509380\/revisions"}],"wp:featuredmedia":[{"embeddable":true,"href":"https:\/\/www.europesays.com\/us\/wp-json\/wp\/v2\/media\/509381"}],"wp:attachment":[{"href":"https:\/\/www.europesays.com\/us\/wp-json\/wp\/v2\/media?parent=509380"}],"wp:term":[{"taxonomy":"category","embeddable":true,"href":"https:\/\/www.europesays.com\/us\/wp-json\/wp\/v2\/categories?post=509380"},{"taxonomy":"post_tag","embeddable":true,"href":"https:\/\/www.europesays.com\/us\/wp-json\/wp\/v2\/tags?post=509380"}],"curies":[{"name":"wp","href":"https:\/\/api.w.org\/{rel}","templated":true}]}}