{"id":601264,"date":"2026-02-19T14:58:29","date_gmt":"2026-02-19T14:58:29","guid":{"rendered":"https:\/\/www.europesays.com\/us\/601264\/"},"modified":"2026-02-19T14:58:29","modified_gmt":"2026-02-19T14:58:29","slug":"best-things-to-do-this-weekend-in-la-and-socal-feb-20-22","status":"publish","type":"post","link":"https:\/\/www.europesays.com\/us\/601264\/","title":{"rendered":"Best things to do this weekend in LA and SoCal: Feb. 20-22"},"content":{"rendered":"<p>There\u2019s no excuse not to head out to one of the city\u2019s many excellent museums this weekend, as nearly 30 of them are free for all on Sunday. Some do require a reservation, so get clicking and plan your day <a class=\"Link\" href=\"https:\/\/socalmuseums.net\/annual-free-for-all-2025\/\" target=\"_blank\" data-cms-ai=\"0\" rel=\"nofollow noopener\">here<\/a>. If you\u2019d rather be outside, the <a class=\"Link\" href=\"https:\/\/www.instagram.com\/labakerywalk\/\" target=\"_blank\" data-cms-ai=\"0\" rel=\"nofollow noopener\">L.A. Bakery Walk<\/a> is way overbooked, but who says you can\u2019t plot your own epic doughnut walk across L.A.?<\/p>\n<p>And get ready for summer \u2014 the <a class=\"Link\" href=\"https:\/\/laist.com\/news\/lausd-board-approves-plan-that-could-see-significant-job-cuts-what-happens-now#hollywood-bowl\" target=\"_blank\" data-cms-ai=\"0\" rel=\"nofollow noopener\">Hollywood Bowl just announced its full season<\/a>, which includes a special farewell to L.A. Phil Conductor Gustavo Dudamel, the Blue Note Jazz Fest lineup and much more.<\/p>\n<p>A little sooner on the calendar (i.e., this weekend), <a class=\"Link\" href=\"https:\/\/www.instagram.com\/licoricepizzarecords\/?hl=en\" target=\"_blank\" data-cms-ai=\"0\" rel=\"nofollow noopener\">Licorice Pizza<\/a> has your listings, including a free Nikka Costa show in West Hollywood, Lady Gaga\u2019s return to the Forum on Sunday, plus Lizzo settles in for her residency at the Blue Note. On Saturday, you can see Los Tigres del Norte at the Intuit Dome, the Pains of Being Pure At Heart at the Echoplex, Christopher Owens of Girls at Sid the Cat and Lights at the El Rey Theatre (she\u2019s also playing Sunday). And the future is coming on, as Damon Albarn and Jamie Hewlett\u2019s cartoon supergroup Gorillaz take over the Hollywood Palladium to play their much-anticipated ninth album, The Mountain, in its entirety on Sunday.<\/p>\n<p>Elsewhere on LAist, you can read up on all the facts about the <a class=\"Link\" href=\"https:\/\/laist.com\/news\/politics\/your-quick-guide-to-the-la-mayors-race\" target=\"_blank\" data-cms-ai=\"0\" rel=\"nofollow noopener\">next L.A. mayoral race<\/a>, learn how<a class=\"Link\" href=\"https:\/\/laist.com\/news\/food\/la-county-farmers-market-donation-free-food-forward\" target=\"_blank\" data-cms-ai=\"0\" rel=\"nofollow noopener\"> farmers\u2019 markets are tackling food insecurity<\/a>, and get tickets for <a class=\"Link\" href=\"https:\/\/laist.com\/events\/airtalks-filmweek-oscar-preview\" target=\"_blank\" data-cms-ai=\"0\" rel=\"nofollow noopener\">FilmWeek\u2019s March 7 Oscar preview<\/a>.<\/p>\n<p>        Let us help you find the most interesting things to do<\/p>\n<p>Sign up for the Best Things To Do newsletter, our twice weekly roundup of L.A.&#8217;s most interesting events.<\/p>\n<p>Events<br \/>\n<b>Scanner unwrapping<\/b><\/p>\n<p><b>Friday, February 20, 10 a.m.<\/b><br \/><b>Bunny Museum\u00a0<\/b><br \/><b>2605 Lake Ave., Altadena<\/b><br \/>COST: FREE; <a class=\"Link\" href=\"https:\/\/www.instagram.com\/p\/DUxFdnhFSFX\/\" target=\"_blank\" data-cms-ai=\"0\" rel=\"nofollow noopener\">MORE INFO<\/a><\/p>\n<p>If you\u2019re not familiar with Scanner, it&#8217;s a very large (read: 14-feet-tall, 1,100-pound) bunny created by Chinese artist Jessie Zhao. And it&#8217;s about to sit, appropriately, outside the Bunny Museum in Altadena. Monrovia\u2019s Walter Zucco donated Scanner after last year\u2019s wildfires burned the museum to the ground, and it&#8217;s sure to bring joy to the community. You can say you were there at the beginning if you head to the unwrapping ceremony! Make sure to do the Bunny Bump!<\/p>\n<p><b>LGBTQ+ Figure Skaters<\/b><\/p>\n<p><b>Friday, February 20<\/b><br \/><b>Junior High Los Angeles\u00a0<\/b><br \/><b>603 S. Brand Blvd., Glendale\u00a0<\/b><br \/>COST: FREE; <a class=\"Link\" href=\"https:\/\/juniorhighlosangeles.com\/calendar\/out-on-the-ice-2026-february-20\" target=\"_blank\" data-cms-ai=\"0\" rel=\"nofollow noopener\">MORE INFO\u00a0<\/a><\/p>\n<p>    <img decoding=\"async\" class=\"Image\" alt=\"A poster for an event, with text reading Out on the Ice, A Queer History of Figure Skating. Images of skaters are in the background. \" data-image-size=\"articleImage\" width=\"672\" height=\"840\"  src=\"https:\/\/www.europesays.com\/us\/wp-content\/uploads\/2026\/02\/1771513105_899_.webp\" loading=\"lazy\"\/><\/p>\n<p>      (<\/p>\n<p> Courtesy Junior High Los Angeles<\/p>\n<p>)<\/p>\n<p>While Heated Rivalry has put all eyes on ice hockey\u2019s relationship with the LGBTQ+ community, figure skating has long been seen as a haven for out athletes. But that hasn\u2019t exactly been the case. Reporters Ari Saperstein and Chris Schleicher \u2014  who&#8217;s also a former USA national team skater \u2014 will talk about their work covering the hidden history of queerness in figure skating. Perfect timing if you\u2019re watching the Olympics and keeping up with all the skating drama on and off the ice!<\/p>\n<p><b>California Pen Show\u00a0<\/b><\/p>\n<p><b>Thursday through Sunday, February 19-22<\/b><br \/><b>Torrance Marriott Redondo Beach\u00a0<\/b><br \/><b>3635 Fashion Way, Torrance<\/b><br \/>COST: FROM $20; <a class=\"Link\" href=\"https:\/\/www.capenshow.com\" target=\"_blank\" data-cms-ai=\"0\" rel=\"nofollow noopener\">MORE INFO<\/a><\/p>\n<p>Fear not: The internet and computers have not taken away the mighty pen! The California Pen Show is happening this weekend, and it includes classes for folks new to fountain pens, intros to journaling, tutorials on advanced calligraphy techniques and more. Spill some ink.<\/p>\n<p><b>Amores Perros with Alejandro Innaritu\u00a0<\/b><\/p>\n<p><b>Sunday, February 22<\/b><br \/><b>LACMA \/ Academy Museum Theater<\/b><br \/><b>6067 Wilshire Blvd., Miracle Mile\u00a0<\/b><br \/>COST: $10, SOLD OUT BUT ADDITIONAL TICKETS MAY BE RELEASED AT 9 A.M. DAY-OF; <a class=\"Link\" href=\"https:\/\/www.lacma.org\/event\/amores-perros-screening-and-conversation?utm_source=wordfly&amp;utm_medium=email&amp;utm_campaign=COM%7CSUE%C3%91OPERROPressRelease&amp;utm_content=version_A&amp;sourceNumber=\" target=\"_blank\" data-cms-ai=\"0\" rel=\"nofollow noopener\">MORE INFO<\/a><\/p>\n<p>    <img decoding=\"async\" class=\"Image\" alt=\"A man with medium skin tone sits in a bed in a dark room with light coming in slats through the blinds. There are car stickers on the wall. \" data-image-size=\"articleImage\" width=\"672\" height=\"363\"  src=\"https:\/\/www.europesays.com\/us\/wp-content\/uploads\/2026\/02\/1771513105_942_.webp\" loading=\"lazy\"\/><\/p>\n<p>To celebrate the opening of LACMA\u2019s exhibition <a class=\"Link\" href=\"https:\/\/www.lacma.org\/art\/exhibition\/sueno-perro-film-installation-alejandro-g-inarritu\" target=\"_blank\" data-cms-ai=\"0\" rel=\"nofollow noopener\">SUE\u00d1O PERRO: A Film Installation by Alejandro G. I\u00f1\u00e1rritu<\/a>, the museum will host the Oscar-winning director for a screening of his directorial debut, Amores Perros, on its 25th anniversary in a new 4K restoration. Museum director Michael Govan will join for the Q&amp;A.<\/p>\n<p><b>Highly Favored: Los Angeles LGBT Center\u2019s Black History Month Celebration<\/b><\/p>\n<p><b>Saturday, February 21, 6 p.m. to 10 p.m.<\/b><br \/><b>The Village at Ed Gould Plaza<\/b><br \/><b>1125 N. McCadden Place, Hollywood<\/b><br \/>COST: FREE; <a class=\"Link\" href=\"https:\/\/lalgbtcenter.org\/event\/highly-favored-2026\/\" target=\"_blank\" data-cms-ai=\"0\" rel=\"nofollow noopener\">MORE INFO<\/a><\/p>\n<p>    <img decoding=\"async\" class=\"Image\" alt=\"A brown and gold poster reading Highly Favored.\" data-image-size=\"articleImage\" width=\"672\" height=\"872\"  src=\"https:\/\/www.europesays.com\/us\/wp-content\/uploads\/2026\/02\/1771513106_348_.jpeg\" loading=\"lazy\"\/><\/p>\n<p>      (<\/p>\n<p> Courtesy Los Angeles LGBT Center<\/p>\n<p>)<\/p>\n<p>Celebrate Black History Month with this free, joy-filled dance party on the plaza at Hollywood\u2019s LGBT Center. Centered on queer Black joy, the party honors Pose actress Hailie Sahar and filmmaker Elegance Bratton (Move Ya Body: The Birth of House).<\/p>\n<p><b>LA Galaxy home opener<\/b><\/p>\n<p><b>Sunday, February 22, 4 p.m.\u00a0<\/b><br \/><b>Dignity Health Sports Park<\/b><br \/><b>18400 Avalon Blvd., Carson<\/b><br \/>COST: VARIES; <a class=\"Link\" href=\"https:\/\/www.lagalaxy.com\/\" target=\"_blank\" data-cms-ai=\"0\" rel=\"nofollow noopener\">MORE INFO<\/a><\/p>\n<p>    <img decoding=\"async\" class=\"Image\" alt=\"A Black man in a blue soccer uniform juggles a ball near the sideline. \" data-image-size=\"articleImage\" width=\"672\" height=\"448\"  src=\"https:\/\/www.europesays.com\/us\/wp-content\/uploads\/2026\/02\/1771513107_65_.jpeg\" loading=\"lazy\"\/><\/p>\n<p>Joseph Paintsil dribbles the ball during a game between Chicago Fire FC and Los Angeles Galaxy.<\/p>\n<p>(<\/p>\n<p>Liza Morales<\/p>\n<p>\/<\/p>\n<p>ISI Photos via Getty Images<\/p>\n<p>)<\/p>\n<p>The World Cup is still a few months away, but the 2026 MLS season kicks off with the L.A. Galaxy\u2019s home opener against NYCFC. The rivals will have a few familiar faces on either side, including L.A. Galaxy legend Todd Dunivant, who is now NYCFC\u2019s Sporting Director, and NYCFC homegrown midfielder Justin Haak, who has joined the Galaxy.<\/p>\n<p><b>Echoes of Gen X: The Art of The Fillmore (1980s\u20132000s)<\/b><\/p>\n<p><b>Through April 11, opening night Saturday, February 21, 6 p.m. to 10 p.m. <\/b><br \/><b>Gabba Gallery<\/b><br \/><b>235 S. Broadway, Downtown L.A.\u00a0<\/b><br \/>COST: FREE; <a class=\"Link\" href=\"https:\/\/www.gabbagallery.com\/genx?srsltid=AfmBOorqBwkjcagFgFKrDWDMW7w3PfeGznYStT2Mc22wzfcYrbgzfLCC\" target=\"_blank\" data-cms-ai=\"0\" rel=\"nofollow noopener\">MORE INFO<\/a>\u00a0<\/p>\n<p>    <img decoding=\"async\" class=\"Image\" alt=\"A poster featuring concert posters with text overlaid reading Gabba Gallery X Relix Present Echoes of Gen X.\" data-image-size=\"articleImage\" width=\"672\" height=\"840\"  src=\"https:\/\/www.europesays.com\/us\/wp-content\/uploads\/2026\/02\/1771513109_344_.png\" loading=\"lazy\"\/><\/p>\n<p>      (<\/p>\n<p> Courtesy Gabba Gallery<\/p>\n<p>)<\/p>\n<p>Be still, my Gen X, former SF-resident and regular-at-the-Fillmore heart. I have a small collection of these myself, but this sprawling show of band posters from the legendary Fillmore club is a trip down musical memory lane. Expect an excellent soundtrack at the opening event, or catch the show any time from now through April 11.<\/p>\n<p><b>Venice Mardi Gras parade<\/b><\/p>\n<p><b>Sunday, February 22<\/b><br \/><b>The Waterfront\u00a0<\/b><br \/><b>Venice Beach\u00a0<\/b><br \/>COST: FREE; <a class=\"Link\" href=\"https:\/\/www.instagram.com\/p\/DUEEg6mgegL\/\" target=\"_blank\" data-cms-ai=\"0\" rel=\"nofollow noopener\">MORE INFO<\/a><\/p>\n<p>Laissez les bons temps rouler at the annual Venice Mardi Gras Parade! Don your weirdest, most colorful attire, grab some beads, then head to the boardwalk for gumbo, live music and a party atmosphere!<\/p>\n<p><b>Common Grounds: Exploring Coffee Through Art &amp; Flavor<\/b><\/p>\n<p><b>Saturday, February 21, 10:30 a.m.<\/b><br \/><b>Muzeo Museum and Cultural Center<\/b><br \/><b>241 S. Anaheim Blvd., Anaheim<\/b><br \/>COST: $28; <a class=\"Link\" href=\"https:\/\/muzeo.org\/event\/muzeo-x-owlvericks-present-common-grounds-exploring-coffee-through-art-flavor\/?event_date=2026-02-21\" target=\"_blank\" data-cms-ai=\"0\" rel=\"nofollow noopener\">MORE INFO<\/a><\/p>\n<p>    <img decoding=\"async\" class=\"Image\" alt=\"A banner image promoting an event called &quot;Coffee Grounds: Exploring Coffee Through Art &amp; Flavor.&quot;\" data-image-size=\"articleImage\" width=\"672\" height=\"504\"  src=\"https:\/\/www.europesays.com\/us\/wp-content\/uploads\/2026\/02\/1771513109_782_.jpeg\" loading=\"lazy\"\/><\/p>\n<p>Try new types of coffee paired with pastries, all curated by third-generation roaster Amy Tang. The Muzeo Museum is hosting this Lunar New Year\u2013inspired coffee salon that celebrates creativity, renewal and community.<\/p>\n<p>                                    <script async src=\"\/\/www.instagram.com\/embed.js\"><\/script><\/p>\n","protected":false},"excerpt":{"rendered":"There\u2019s no excuse not to head out to one of the city\u2019s many excellent museums this weekend, as&hellip;\n","protected":false},"author":3,"featured_media":601265,"comment_status":"","ping_status":"","sticky":false,"template":"","format":"standard","meta":{"footnotes":"","_share_on_mastodon":"0"},"categories":[5123],"tags":[1582,276,2961,224,5337],"class_list":["post-601264","post","type-post","status-publish","format-standard","has-post-thumbnail","category-los-angeles","tag-ca","tag-california","tag-la","tag-los-angeles","tag-losangeles"],"share_on_mastodon":{"url":"https:\/\/pubeurope.com\/@us\/116097889888445942","error":""},"_links":{"self":[{"href":"https:\/\/www.europesays.com\/us\/wp-json\/wp\/v2\/posts\/601264","targetHints":{"allow":["GET"]}}],"collection":[{"href":"https:\/\/www.europesays.com\/us\/wp-json\/wp\/v2\/posts"}],"about":[{"href":"https:\/\/www.europesays.com\/us\/wp-json\/wp\/v2\/types\/post"}],"author":[{"embeddable":true,"href":"https:\/\/www.europesays.com\/us\/wp-json\/wp\/v2\/users\/3"}],"replies":[{"embeddable":true,"href":"https:\/\/www.europesays.com\/us\/wp-json\/wp\/v2\/comments?post=601264"}],"version-history":[{"count":0,"href":"https:\/\/www.europesays.com\/us\/wp-json\/wp\/v2\/posts\/601264\/revisions"}],"wp:featuredmedia":[{"embeddable":true,"href":"https:\/\/www.europesays.com\/us\/wp-json\/wp\/v2\/media\/601265"}],"wp:attachment":[{"href":"https:\/\/www.europesays.com\/us\/wp-json\/wp\/v2\/media?parent=601264"}],"wp:term":[{"taxonomy":"category","embeddable":true,"href":"https:\/\/www.europesays.com\/us\/wp-json\/wp\/v2\/categories?post=601264"},{"taxonomy":"post_tag","embeddable":true,"href":"https:\/\/www.europesays.com\/us\/wp-json\/wp\/v2\/tags?post=601264"}],"curies":[{"name":"wp","href":"https:\/\/api.w.org\/{rel}","templated":true}]}}