{"id":623065,"date":"2026-02-28T20:45:16","date_gmt":"2026-02-28T20:45:16","guid":{"rendered":"https:\/\/www.europesays.com\/us\/623065\/"},"modified":"2026-02-28T20:45:16","modified_gmt":"2026-02-28T20:45:16","slug":"san-diego-fc-transfer-tomas-angel-to-america-de-cali","status":"publish","type":"post","link":"https:\/\/www.europesays.com\/us\/623065\/","title":{"rendered":"San Diego FC transfer Tom\u00e1s \u00c1ngel to Am\u00e9rica de Cali"},"content":{"rendered":"<p><strong>TRANSFER TRACKER STATUS:<\/strong> Transfer<\/p>\n<p><a href=\"https:\/\/www.mlssoccer.com\/clubs\/san-diego-fc\/\" rel=\"nofollow noopener\" target=\"_blank\">San Diego FC<\/a> have\u00a0transferred forward <a href=\"https:\/\/www.mlssoccer.com\/players\/tomas-angel\/\" rel=\"nofollow noopener\" target=\"_blank\">Tom\u00e1s \u00c1ngel<\/a> to Colombian top-flight side Am\u00e9rica de Cali, the club announced Friday.<\/p>\n<p>The 23-year-old former Colombian youth international joined San Diego in December 2024 via a <a href=\"https:\/\/www.mlssoccer.com\/news\/san-diego-fc-acquire-tomas-angel-from-lafc\" rel=\"nofollow noopener\" target=\"_blank\">trade<\/a> with <a href=\"https:\/\/www.mlssoccer.com\/clubs\/los-angeles-football-club\/\" rel=\"nofollow noopener\" target=\"_blank\">LAFC<\/a>.<\/p>\n<p>\u00c1ngel tallied four goals and two assists in 25 appearances for San Diego across all competitions as they charted a historic expansion season in 2025.<\/p>\n","protected":false},"excerpt":{"rendered":"TRANSFER TRACKER STATUS: Transfer San Diego FC have\u00a0transferred forward Tom\u00e1s \u00c1ngel to Colombian top-flight side Am\u00e9rica de Cali,&hellip;\n","protected":false},"author":3,"featured_media":623066,"comment_status":"","ping_status":"","sticky":false,"template":"","format":"standard","meta":{"footnotes":"","_share_on_mastodon":"0"},"categories":[5134],"tags":[5229,1582,276,3549,15520,7264,37638,266484,41877,67,586,132,5230,68,2969],"class_list":["post-623065","post","type-post","status-publish","format-standard","has-post-thumbnail","category-san-diego","tag-america","tag-ca","tag-california","tag-san-diego","tag-san-diego-fc","tag-sandiego","tag-sendtonews","tag-tomas-angel","tag-transfer-tracker","tag-united-states","tag-united-states-of-america","tag-unitedstates","tag-unitedstatesofamerica","tag-us","tag-usa"],"share_on_mastodon":{"url":"https:\/\/pubeurope.com\/@us\/116150214627264986","error":""},"_links":{"self":[{"href":"https:\/\/www.europesays.com\/us\/wp-json\/wp\/v2\/posts\/623065","targetHints":{"allow":["GET"]}}],"collection":[{"href":"https:\/\/www.europesays.com\/us\/wp-json\/wp\/v2\/posts"}],"about":[{"href":"https:\/\/www.europesays.com\/us\/wp-json\/wp\/v2\/types\/post"}],"author":[{"embeddable":true,"href":"https:\/\/www.europesays.com\/us\/wp-json\/wp\/v2\/users\/3"}],"replies":[{"embeddable":true,"href":"https:\/\/www.europesays.com\/us\/wp-json\/wp\/v2\/comments?post=623065"}],"version-history":[{"count":0,"href":"https:\/\/www.europesays.com\/us\/wp-json\/wp\/v2\/posts\/623065\/revisions"}],"wp:featuredmedia":[{"embeddable":true,"href":"https:\/\/www.europesays.com\/us\/wp-json\/wp\/v2\/media\/623066"}],"wp:attachment":[{"href":"https:\/\/www.europesays.com\/us\/wp-json\/wp\/v2\/media?parent=623065"}],"wp:term":[{"taxonomy":"category","embeddable":true,"href":"https:\/\/www.europesays.com\/us\/wp-json\/wp\/v2\/categories?post=623065"},{"taxonomy":"post_tag","embeddable":true,"href":"https:\/\/www.europesays.com\/us\/wp-json\/wp\/v2\/tags?post=623065"}],"curies":[{"name":"wp","href":"https:\/\/api.w.org\/{rel}","templated":true}]}}