{"id":853517,"date":"2026-06-08T20:26:18","date_gmt":"2026-06-08T20:26:18","guid":{"rendered":"https:\/\/www.europesays.com\/us\/853517\/"},"modified":"2026-06-08T20:26:18","modified_gmt":"2026-06-08T20:26:18","slug":"new-lower-greenville-spot-walkers-blends-restaurant-market","status":"publish","type":"post","link":"https:\/\/www.europesays.com\/us\/853517\/","title":{"rendered":"New Lower Greenville spot Walkers&#8217; blends restaurant, market"},"content":{"rendered":"<p>A new all-day concept is debuting on Lower Greenville: Called <strong><a href=\"https:\/\/www.instagram.com\/walkersbar_market\/\" target=\"_blank\" rel=\"nofollow noopener\">Walkers&#8217;<\/a><\/strong>, it&#8217;s a new American restaurant-sandwich shop, market, and wine bar from siblings Rosemary Walker-Green and Russell Walker.<\/p>\n<p>Located at 3016 Greenville Ave., next to <a href=\"https:\/\/dallas.culturemap.com\/news\/restaurants-bars\/11-04-20-window-seat-greenville-ave-coffee-shop\/\" target=\"_self\" rel=\"nofollow noopener\">Window Seat Coffee<\/a> and Favor the Kind, Walkers&#8217; will open June 19; reservations are <a href=\"https:\/\/www.opentable.com\/r\/walkers-dallas?corrid=39cb998b-3ebb-4939-9024-f49b8c9ff0c5&amp;avt=eyJ2IjozLCJtIjowLCJwIjowLCJzIjoxLCJuIjowfQ&amp;p=2&amp;sd=2026-06-08T19%3A00%3A00\" target=\"_blank\" rel=\"nofollow noopener\">available<\/a> now. <\/p>\n<p>According to a release, Walkers&#8217; (yes, the name really is plural-possessive), is designed to shift with the rhythm of the day: a neighborhood market and sandwich counter during daytime hours, then a full-service restaurant and wine bar in the evening. Walkers\u2019 will be open Wednesday through Sunday from 11 am to 11 pm.<\/p>\n<p>During the day, the space operates as a market with made-to-order sandwiches and salads available until 3 pm, along with grab-and-go offerings through closing. The wine bar opens at 4 pm, followed by dinner service from 5-11 pm.<\/p>\n<p class=\"shortcode-media shortcode-media-rebelmouse-image\"> <img loading=\"lazy\" decoding=\"async\" id=\"30f4a\" data-rm-shortcode-id=\"330811d4d19a7c4aee4bdfc674214743\" data-rm-shortcode-name=\"rebelmouse-image\" class=\"rm-shortcode rm-lazyloadable-image \" lazy-loadable=\"true\" src=\"data:image\/svg+xml,%3Csvg%20xmlns='http:\/\/www.w3.org\/2000\/svg'%20viewBox='0%200%201200%201600'%3E%3C\/svg%3E\" data-runner-src=\"https:\/\/www.europesays.com\/us\/wp-content\/uploads\/2026\/06\/walkers-sandwich-stack.jpg\" width=\"1200\" height=\"1600\" alt=\"Walkers' sandwich stack\"\/> Walkers&#8217; sandwich stack.Photo courtesy of Walkers&#8217;<\/p>\n<p>Made-to-order sandwiches and salads include:<\/p>\n<ul class=\"ee-ul\">\n<li>Italian \u2013 Lady Edison salumi, mortadella, provolone, hot giardiniera mayo, lettuce, tomato, vinegar, olive oil<\/li>\n<li>Turkey \u2013 Green Goddess, cheddar, avocado, pickled onion, lettuce<\/li>\n<li>Cherry Tomato \u2013 Barley, sherry vinaigrette, cucumber, celery, parsley, lemon<\/li>\n<li>Steak Salad \u2013 Cabbage, carrots, onion, mojo verde, cilantro, cherry tomato<\/li>\n<\/ul>\n<p>Their evening wine bar menu features:<\/p>\n<ul class=\"ee-ul\">\n<li>Spanish Anchovy Toast with butter and pickles<\/li>\n<li>Sturgeon with potato chips &amp; caviar<\/li>\n<li>Beef Tongue with cr\u00e9me fraiche and mojo verde<\/li>\n<\/ul>\n<p>The dinner menu transitions to high-end, seasonal dishes, ranging from lighter, shareable plates to larger, entree-sized portions, including:<\/p>\n<ul class=\"ee-ul\">\n<li>P\u00e2t\u00e9 en cro\u00fbte with green strawberry and Dijon<\/li>\n<li>Zeppo beets with berries and macadamia<\/li>\n<li>Agnolotti with English peas and sheep\u2019s cheese<\/li>\n<li>Lamb with labneh and mint<\/li>\n<li>Golden chicken with chestnut mushroom and chard<\/li>\n<li>Skate wing with tomato and Calabrian chili<\/li>\n<\/ul>\n<p class=\"shortcode-media shortcode-media-rebelmouse-image\"> <img loading=\"lazy\" decoding=\"async\" id=\"f3a79\" data-rm-shortcode-id=\"e3742b8fb87e5093147eac5a81f2c69c\" data-rm-shortcode-name=\"rebelmouse-image\" class=\"rm-shortcode rm-lazyloadable-image \" lazy-loadable=\"true\" src=\"data:image\/svg+xml,%3Csvg%20xmlns='http:\/\/www.w3.org\/2000\/svg'%20viewBox='0%200%201600%201200'%3E%3C\/svg%3E\" data-runner-src=\"https:\/\/www.europesays.com\/us\/wp-content\/uploads\/2026\/06\/walkers.jpg\" width=\"1600\" height=\"1200\" alt=\"Walkers'\"\/> Walkers&#8217; Cherry Tomatoes and Agnolotti.Photo courtesy of Walkers&#8217;<\/p>\n<p>The beverage program includes vermouth-forward cocktails and a wine list (chosen by co-founder Walker-Green) focused on small-production and sustainably minded producers from France, Italy, Spain, Germany, Austria, California, and Oregon, with a rotating retail selection also available for purchase, according to the release.<\/p>\n<p>Walkers\u2019 will also feature a well-edited retail market with specialty goods sourced from Texas, California, New York, and Europe, alongside the restaurant\u2019s food and wine program. (Think: La Belle Vie from Austin, Austin Honey Company, Inez Olive Oil from Santa Ynez, California, Bonilla la Vista Potato Chips from Spain, and Raazi Tea from Brooklyn, New York.)<\/p>\n<p>Co-founder Rosemary Walker-Greene is an Advanced Sommelier with experience at The NoMad in New York and Los Angeles, Rustic Canyon in Los Angeles, and Carbone in Dallas, while co-founder Russell Walker brings an operational background from his luxury wood flooring company.<\/p>\n<p>\u201cOur goal is to create a place that welcomes and inspires our community, that makes people remember that the most important thing in life is connection\u2026 and we believe the best way to do that, to connect, is at the dinner table, with great food and wine, and the people we care for the most,&#8221; says Walker in the release.<\/p>\n<p>Helming the kitchen is chef Aldon Reyes, who previously worked at Georgie and Le PasSage in Dallas and spent six years at San Diego\u2019s Juniper &amp; Ivy. The dining room is overseen by general manager and certified sommelier Nancy Tran, whose r\u00e9sum\u00e9 includes Napa Valley\u2019s PRESS and Charlie\u2019s, as well as Dallas restaurants Le PasSage and Rose Caf\u00e9.<\/p>\n<p>\u201cCooking at Walkers\u2019 is about honoring great ingredients and the people who grow them,\u201d says Reyes. \u201cEvery dish we put on the menu is a reflection of the relationships we\u2019ve built with our farmers, our purveyors, and our guests.\u201d<\/p>\n<p>Designed by the acclaimed Kevin Klein Design, the Walkers&#8217; space includes a curved stone bar, market shelving, and a mix of seating that transitions from daytime counter service to evening dining. The restaurant and bar side spans approximately 1,360 square feet with 43 dining room seats, 12 bar seats, and two 12-foot drink rails for standing room on busy evenings, the release says. The Market spans an additional 950 square feet with 6 seats at the sandwich bar, 6 table seats, and seating for around eight at the communal table near the entry.<\/p>\n<p>\u201cWe want to gather our community in the kind of restaurant we are always searching for \u2014 one that feels alive, honest, and rooted in intentional hospitality,\u201d says Walker-Greene. <\/p>\n<p><script async src=\"\/\/www.instagram.com\/embed.js\"><\/script><\/p>\n","protected":false},"excerpt":{"rendered":"A new all-day concept is debuting on Lower Greenville: Called Walkers&#8217;, it&#8217;s a new American restaurant-sandwich shop, market,&hellip;\n","protected":false},"author":3,"featured_media":853518,"comment_status":"","ping_status":"","sticky":false,"template":"","format":"standard","meta":{"footnotes":"","_share_on_mastodon":"0"},"categories":[5135],"tags":[5229,1596,11214,10084,47719,358,3187,67,586,132,5230,68,2969,87032],"class_list":["post-853517","post","type-post","status-publish","format-standard","has-post-thumbnail","category-dallas","tag-america","tag-dallas","tag-lower-greenville","tag-openings","tag-sandwiches","tag-texas","tag-tx","tag-united-states","tag-united-states-of-america","tag-unitedstates","tag-unitedstatesofamerica","tag-us","tag-usa","tag-wine-bar"],"share_on_mastodon":{"url":"https:\/\/pubeurope.com\/@us\/116716371432631843","error":""},"_links":{"self":[{"href":"https:\/\/www.europesays.com\/us\/wp-json\/wp\/v2\/posts\/853517","targetHints":{"allow":["GET"]}}],"collection":[{"href":"https:\/\/www.europesays.com\/us\/wp-json\/wp\/v2\/posts"}],"about":[{"href":"https:\/\/www.europesays.com\/us\/wp-json\/wp\/v2\/types\/post"}],"author":[{"embeddable":true,"href":"https:\/\/www.europesays.com\/us\/wp-json\/wp\/v2\/users\/3"}],"replies":[{"embeddable":true,"href":"https:\/\/www.europesays.com\/us\/wp-json\/wp\/v2\/comments?post=853517"}],"version-history":[{"count":0,"href":"https:\/\/www.europesays.com\/us\/wp-json\/wp\/v2\/posts\/853517\/revisions"}],"wp:featuredmedia":[{"embeddable":true,"href":"https:\/\/www.europesays.com\/us\/wp-json\/wp\/v2\/media\/853518"}],"wp:attachment":[{"href":"https:\/\/www.europesays.com\/us\/wp-json\/wp\/v2\/media?parent=853517"}],"wp:term":[{"taxonomy":"category","embeddable":true,"href":"https:\/\/www.europesays.com\/us\/wp-json\/wp\/v2\/categories?post=853517"},{"taxonomy":"post_tag","embeddable":true,"href":"https:\/\/www.europesays.com\/us\/wp-json\/wp\/v2\/tags?post=853517"}],"curies":[{"name":"wp","href":"https:\/\/api.w.org\/{rel}","templated":true}]}}