{"id":42321,"date":"2026-06-12T05:00:08","date_gmt":"2026-06-12T05:00:08","guid":{"rendered":"https:\/\/www.europesays.com\/videos\/42321\/"},"modified":"2026-06-12T05:00:08","modified_gmt":"2026-06-12T05:00:08","slug":"asyl-debatte-ein-hoffnungsschimmer-fluchtlingszahlen-sinken-weltweit-nur-in-deutschland-nicht","status":"publish","type":"post","link":"https:\/\/www.europesays.com\/videos\/42321\/","title":{"rendered":"ASYL-DEBATTE: &#8220;Ein Hoffnungsschimmer!&#8221; Fl\u00fcchtlingszahlen sinken weltweit! Nur in Deutschland nicht?"},"content":{"rendered":"<p><iframe loading=\"lazy\" title = \"ASYL-DEBATTE: &quot;Ein Hoffnungsschimmer!&quot; Fl\u00fcchtlingszahlen sinken weltweit! Nur in Deutschland nicht?\"   width=\"580\" height=\"385\" src=\"https:\/\/www.youtube.com\/embed\/TdF8nbiP4HU\" frameborder=\"0\" allowfullscreen><\/iframe><br \/>\n<br \/>\nASYL-DEBATTE: &#8220;Ein Hoffnungsschimmer!&#8221; Fl\u00fcchtlingszahlen sinken weltweit! Nur in Deutschland nicht?<br \/>\n<br \/>\nASYL-DEBATTE: &#8220;Ein Hoffnungsschimmer!&#8221; Fl\u00fcchtlingszahlen sinken weltweit! Nur in Deutschland nicht?<\/p>\n<p>Die Zahl der weltweit registrierten Fl\u00fcchtlinge ist laut UNHCR erstmals seit rund zehn Jahren zur\u00fcckgegangen. Ausschlaggebend daf\u00fcr sind vor allem Millionen R\u00fcckkehrer in ihre Herkunftsregionen, insbesondere in Syrien, Afghanistan, den Sudan und den Kongo. Gleichzeitig bleibt Deutschland eines der wichtigsten Aufnahmel\u00e4nder f\u00fcr Schutzsuchende. Experten verweisen darauf, dass viele Fl\u00fcchtlinge hier dauerhaft bleiben, w\u00e4hrend in anderen Staaten deutlich mehr R\u00fcckkehrbewegungen stattfinden. Die Debatte \u00fcber Asylpolitik, Integration und R\u00fcckf\u00fchrungen d\u00fcrfte damit weiter an Bedeutung gewinnen.<\/p>\n<p>#fl\u00fcchtlinge #migration #asyl #deutschland #unhcr #syrien #weltnachrichtensender <\/p>\n<p>Abonniere den WELT YouTube Channel https:\/\/www.youtube.com\/WELTVideoTV<br \/>\nWELT DOKU Channel https:\/\/www.youtube.com\/c\/WELTDoku<br \/>\nWELT Podcast Channel https:\/\/www.youtube.com\/c\/WELTPodcast<br \/>\nWELT Netzreporter Channel https:\/\/www.youtube.com\/c\/DieNetzreporter<br \/>\nDer WELT Nachrichten-Livestream http:\/\/bit.ly\/2fwuMPg<br \/>\nDie Top-Nachrichten auf WELT.de http:\/\/bit.ly\/2rQQD9Q<br \/>\nDie Mediathek auf WELT.de http:\/\/bit.ly\/2Iydxv8<br \/>\nWELT Nachrichtensender auf Instagram https:\/\/www.instagram.com\/welt.nachrichtensender\/<br \/>\nWELT auf Instagram https:\/\/www.instagram.com\/welt\/<\/p>\n<p>In eigener Sache: Wegen des hohen Aufkommens unsachlicher und beleidigender Beitr\u00e4ge k\u00f6nnen wir zurzeit keine Kommentare mehr zulassen. <\/p>\n<p>Danke f\u00fcr euer Verst\u00e4ndnis \u2013 das WELT-Team<\/p>\n<p>Video 2026 erstellt<\/p>\n","protected":false},"excerpt":{"rendered":"ASYL-DEBATTE: &#8220;Ein Hoffnungsschimmer!&#8221; Fl\u00fcchtlingszahlen sinken weltweit! Nur in Deutschland nicht? ASYL-DEBATTE: &#8220;Ein Hoffnungsschimmer!&#8221; Fl\u00fcchtlingszahlen sinken weltweit! Nur in&hellip;\n","protected":false},"author":2,"featured_media":42322,"comment_status":"","ping_status":"","sticky":false,"template":"","format":"standard","meta":{"footnotes":"","_share_on_mastodon":"0"},"categories":[5],"tags":[95,4105,1646,87,1070,40763,3787,117,26090,633,93,1069,40580,1994,89,90,94,31,40764,1066,92,8448,91,88,129],"class_list":["post-42321","post","type-post","status-publish","format-standard","has-post-thumbnail","category-welt-news","tag-95","tag-abschiebung","tag-afghanistan","tag-aktuell","tag-asyl","tag-asylmigration","tag-asylpolitik","tag-deutschland","tag-einburgerung","tag-europa","tag-fernsehen","tag-fluchtlinge","tag-fluchtlingszahlen","tag-migration","tag-n24","tag-nachrichten","tag-nachrichten-aktuell","tag-news","tag-ruckkehrer","tag-syrien","tag-tv","tag-unhcr","tag-video","tag-welt","tag-welt-news"],"share_on_mastodon":{"url":"https:\/\/pubeurope.com\/@videos\/116735434180212701","error":""},"_links":{"self":[{"href":"https:\/\/www.europesays.com\/videos\/wp-json\/wp\/v2\/posts\/42321","targetHints":{"allow":["GET"]}}],"collection":[{"href":"https:\/\/www.europesays.com\/videos\/wp-json\/wp\/v2\/posts"}],"about":[{"href":"https:\/\/www.europesays.com\/videos\/wp-json\/wp\/v2\/types\/post"}],"author":[{"embeddable":true,"href":"https:\/\/www.europesays.com\/videos\/wp-json\/wp\/v2\/users\/2"}],"replies":[{"embeddable":true,"href":"https:\/\/www.europesays.com\/videos\/wp-json\/wp\/v2\/comments?post=42321"}],"version-history":[{"count":0,"href":"https:\/\/www.europesays.com\/videos\/wp-json\/wp\/v2\/posts\/42321\/revisions"}],"wp:featuredmedia":[{"embeddable":true,"href":"https:\/\/www.europesays.com\/videos\/wp-json\/wp\/v2\/media\/42322"}],"wp:attachment":[{"href":"https:\/\/www.europesays.com\/videos\/wp-json\/wp\/v2\/media?parent=42321"}],"wp:term":[{"taxonomy":"category","embeddable":true,"href":"https:\/\/www.europesays.com\/videos\/wp-json\/wp\/v2\/categories?post=42321"},{"taxonomy":"post_tag","embeddable":true,"href":"https:\/\/www.europesays.com\/videos\/wp-json\/wp\/v2\/tags?post=42321"}],"curies":[{"name":"wp","href":"https:\/\/api.w.org\/{rel}","templated":true}]}}