{"id":60513,"date":"2026-07-14T14:00:16","date_gmt":"2026-07-14T14:00:16","guid":{"rendered":"https:\/\/www.europesays.com\/videos\/60513\/"},"modified":"2026-07-14T14:00:16","modified_gmt":"2026-07-14T14:00:16","slug":"berlin-zoff-krach-fordert-mehr-geld-fur-bsr-statt-arbeitseinsatze-fur-sozialhilfeempfanger","status":"publish","type":"post","link":"https:\/\/www.europesays.com\/videos\/60513\/","title":{"rendered":"BERLIN-ZOFF: Krach fordert mehr Geld f\u00fcr BSR statt Arbeitseins\u00e4tze f\u00fcr Sozialhilfeempf\u00e4nger!"},"content":{"rendered":"<p><iframe loading=\"lazy\" title = \"BERLIN-ZOFF: Krach fordert mehr Geld f\u00fcr BSR statt Arbeitseins\u00e4tze f\u00fcr Sozialhilfeempf\u00e4nger!\"   width=\"580\" height=\"385\" src=\"https:\/\/www.youtube.com\/embed\/H0YJlmcvZW0\" frameborder=\"0\" allowfullscreen><\/iframe><br \/>\n<br \/>\nBERLIN-ZOFF: Krach fordert mehr Geld f\u00fcr BSR statt Arbeitseins\u00e4tze f\u00fcr Sozialhilfeempf\u00e4nger!<br \/>\n<br \/>\nBERLIN-ZOFF: Keine Koalition mit Extremisten \u2013 Krach zieht rote Linien f\u00fcr Berlin!<\/p>\n<p>Stefan Krach, Spitzenkandidat der SPD f\u00fcr die Berliner Abgeordnetenhauswahl, kritisiert die Vorschl\u00e4ge von Stefan Evers. Den geplanten Arbeitseinsatz f\u00fcr Sozialhilfeempf\u00e4nger nennt er populistisch.<br \/>\nKrach fordert stattdessen mehr Geld und Personal f\u00fcr die Berliner Stadtreinigung. Zugleich verlangt er mehr Eigenverantwortung. Menschen, die M\u00fcll auf die Stra\u00dfe werfen, m\u00fcssten h\u00e4rter bestraft werden.<br \/>\nAuch die geplante Streichung des kostenlosen Schulessens f\u00fcr Kinder von Gutverdienenden lehnt Krach ab. Bildungseinrichtungen sollten kostenfrei bleiben. Neue Einkommenspr\u00fcfungen w\u00fcrden aus seiner Sicht mehr B\u00fcrokratie schaffen und Familien belasten.<br \/>\nF\u00fcr m\u00f6gliche Koalitionen nach der Wahl schlie\u00dft Krach Gespr\u00e4che mit Gr\u00fcnen, CDU und Linken nicht aus. Zugleich nennt er klare Grenzen. Antisemiten d\u00fcrften nicht in den Senat kommen. Enteignungen lehnt er ab.<br \/>\nK\u00fcrzungen bei der Berliner Polizei schlie\u00dft Krach ebenfalls aus. Die Polizei brauche mehr Unterst\u00fctzung, bessere Ausstattung und Investitionen in ihre Infrastruktur.<\/p>\n<p>#stefankrach #stefanevers #spd #cdu #berlin #schulessen #stadtreinigung #polizei #koalition #weltnachrichtensender<\/p>\n<p>\ud83d\udd14 Abonniere unseren WELT-TV News-Channel! https:\/\/www.youtube.com\/WELTVideoTV<\/p>\n<p>Unsere YouTube-Kan\u00e4le:<br \/>\n\ud83d\udcfa WELT DOKU https:\/\/www.youtube.com\/@WELTDoku<br \/>\n\u26bd WELT SPORT https:\/\/www.youtube.com\/@welt-sport<br \/>\n\ud83d\ude80 WELT SPACE https:\/\/www.youtube.com\/@weltspace<br \/>\n\ud83d\udee3\ufe0f WELT DRIVE http:\/\/www.youtube.com\/@WELTDrive<br \/>\n\ud83e\ude96 WELT HISTORY http:\/\/www.youtube.com\/@WELTHistory<br \/>\n\ud83c\udf5d WELT FOOD https:\/\/www.youtube.com\/@welt.food-rezepte<\/p>\n<p>WELT Nachrichten im Livestream http:\/\/bit.ly\/2fwuMPg<br \/>\nUnsere Top-Nachrichten auf WELT.de http:\/\/bit.ly\/2rQQD9Q<br \/>\nUnsere Mediathek auf WELT.de http:\/\/bit.ly\/2Iydxv8<br \/>\nWELT TV auf Instagram https:\/\/www.instagram.com\/welt.nachrichtensender\/<br \/>\nWELT auf Instagram https:\/\/www.instagram.com\/welt\/<\/p>\n<p>Aufgrund vieler beleidigender Beitr\u00e4ge sind Kommentare derzeit nicht m\u00f6glich.<br \/>\nDanke f\u00fcr euer Verst\u00e4ndnis \u2013 euer WELT-Team.<br \/>\nVideo 2026 erstellt<\/p>\n","protected":false},"excerpt":{"rendered":"BERLIN-ZOFF: Krach fordert mehr Geld f\u00fcr BSR statt Arbeitseins\u00e4tze f\u00fcr Sozialhilfeempf\u00e4nger! BERLIN-ZOFF: Keine Koalition mit Extremisten \u2013 Krach&hellip;\n","protected":false},"author":2,"featured_media":60514,"comment_status":"","ping_status":"","sticky":false,"template":"","format":"standard","meta":{"footnotes":"","_share_on_mastodon":"0"},"categories":[5],"tags":[95,87,168,36638,2267,7972,19835,48655,12516,93,160,19832,52317,6293,89,90,94,31,1706,51453,92,91,9235,88,129],"class_list":["post-60513","post","type-post","status-publish","format-standard","has-post-thumbnail","category-welt-news","tag-95","tag-aktuell","tag-antisemitismus","tag-bsr","tag-burgergeld","tag-burokratie","tag-cdu-berlin","tag-enteignung","tag-familien","tag-fernsehen","tag-grune","tag-kai-wegner","tag-kitagebuhren","tag-koalition","tag-n24","tag-nachrichten","tag-nachrichten-aktuell","tag-news","tag-polizei","tag-rotes-rathaus","tag-tv","tag-video","tag-wahlkampf","tag-welt","tag-welt-news"],"share_on_mastodon":{"url":"https:\/\/pubeurope.com\/@videos\/116918743597402673","error":""},"_links":{"self":[{"href":"https:\/\/www.europesays.com\/videos\/wp-json\/wp\/v2\/posts\/60513","targetHints":{"allow":["GET"]}}],"collection":[{"href":"https:\/\/www.europesays.com\/videos\/wp-json\/wp\/v2\/posts"}],"about":[{"href":"https:\/\/www.europesays.com\/videos\/wp-json\/wp\/v2\/types\/post"}],"author":[{"embeddable":true,"href":"https:\/\/www.europesays.com\/videos\/wp-json\/wp\/v2\/users\/2"}],"replies":[{"embeddable":true,"href":"https:\/\/www.europesays.com\/videos\/wp-json\/wp\/v2\/comments?post=60513"}],"version-history":[{"count":0,"href":"https:\/\/www.europesays.com\/videos\/wp-json\/wp\/v2\/posts\/60513\/revisions"}],"wp:featuredmedia":[{"embeddable":true,"href":"https:\/\/www.europesays.com\/videos\/wp-json\/wp\/v2\/media\/60514"}],"wp:attachment":[{"href":"https:\/\/www.europesays.com\/videos\/wp-json\/wp\/v2\/media?parent=60513"}],"wp:term":[{"taxonomy":"category","embeddable":true,"href":"https:\/\/www.europesays.com\/videos\/wp-json\/wp\/v2\/categories?post=60513"},{"taxonomy":"post_tag","embeddable":true,"href":"https:\/\/www.europesays.com\/videos\/wp-json\/wp\/v2\/tags?post=60513"}],"curies":[{"name":"wp","href":"https:\/\/api.w.org\/{rel}","templated":true}]}}