{"id":61606,"date":"2026-07-16T04:30:25","date_gmt":"2026-07-16T04:30:25","guid":{"rendered":"https:\/\/www.europesays.com\/videos\/61606\/"},"modified":"2026-07-16T04:30:25","modified_gmt":"2026-07-16T04:30:25","slug":"afd-und-ddr-hymne-es-ist-ein-schielen-auf-wahlerstimmen-von-ostalgikern-historiker-ordnet-ein","status":"publish","type":"post","link":"https:\/\/www.europesays.com\/videos\/61606\/","title":{"rendered":"AFD UND DDR-HYMNE: \u201eEs ist ein Schielen auf W\u00e4hlerstimmen von Ostalgikern!\u201c \u2013 Historiker ordnet ein!"},"content":{"rendered":"<p><iframe loading=\"lazy\" title = \"AFD UND DDR-HYMNE: \u201eEs ist ein Schielen auf W\u00e4hlerstimmen von Ostalgikern!\u201c \u2013 Historiker ordnet ein!\"   width=\"580\" height=\"385\" src=\"https:\/\/www.youtube.com\/embed\/ywKAP8Qok0Y\" frameborder=\"0\" allowfullscreen><\/iframe><br \/>\n<br \/>\nAFD UND DDR-HYMNE: \u201eEs ist ein Schielen auf W\u00e4hlerstimmen von Ostalgikern!\u201c \u2013 Historiker ordnet ein!<br \/>\n<br \/>\nAFD UND DDR-HYMNE: \u201eEs ist ein Schielen auf W\u00e4hlerstimmen von Ostalgikern!\u201c \u2013 Historiker ordnet ein!<br \/>\nAFD UND DDR-HYMNE: \u201eDas wirft ein sehr schlechtes Bild auf die AfD!\u201c \u2013 Historiker \u00fcbt scharfe Kritik<br \/>\nDie AfD sorgt mit der Verwendung der DDR-Hymne \u201eAuferstanden aus Ruinen\u201c f\u00fcr politische Kontroversen. Im Interview ordnet WELT-Historiker Sven Felix Kellerhoff die Entstehungsgeschichte des Liedes ein und erkl\u00e4rt, warum er dessen Einsatz als gezielten Versuch wertet, ostdeutsche Protest- und Ostalgie-Milieus anzusprechen. Zudem beleuchtet er die historische Rolle der SED, die Bedeutung des Textes \u201eDeutschland, einig Vaterland\u201c und zieht Parallelen zu fr\u00fcheren \u00c4u\u00dferungen f\u00fchrender AfD-Politiker. Abschlie\u00dfend bewertet er die m\u00f6glichen Auswirkungen auf den Wahlkampf und die Unsicherheiten aktueller Umfragen.<\/p>\n<p>#afd #deutschland #weltnachrichtensender <\/p>\n<p>\ud83d\udd14 Abonniere unseren WELT-TV News-Channel! https:\/\/www.youtube.com\/WELTVideoTV<\/p>\n<p>Unsere YouTube-Kan\u00e4le:<br \/>\n\ud83d\udcfa WELT DOKU https:\/\/www.youtube.com\/@WELTDoku<br \/>\n\u26bd WELT SPORT https:\/\/www.youtube.com\/@welt-sport<br \/>\n\ud83d\ude80 WELT SPACE https:\/\/www.youtube.com\/@weltspace<br \/>\n\ud83d\udee3\ufe0f WELT DRIVE http:\/\/www.youtube.com\/@WELTDrive<br \/>\n\ud83e\ude96 WELT HISTORY http:\/\/www.youtube.com\/@WELTHistory<br \/>\n\ud83c\udf5d WELT FOOD https:\/\/www.youtube.com\/@welt.food-rezepte<\/p>\n<p>WELT Nachrichten im Livestream http:\/\/bit.ly\/2fwuMPg<br \/>\nUnsere Top-Nachrichten auf WELT.de http:\/\/bit.ly\/2rQQD9Q<br \/>\nUnsere Mediathek auf WELT.de http:\/\/bit.ly\/2Iydxv8<br \/>\nWELT TV auf Instagram https:\/\/www.instagram.com\/welt.nachrichtensender\/<br \/>\nWELT auf Instagram https:\/\/www.instagram.com\/welt\/<\/p>\n<p>Aufgrund vieler beleidigender Beitr\u00e4ge sind Kommentare derzeit nicht m\u00f6glich.<br \/>\nDanke f\u00fcr euer Verst\u00e4ndnis \u2013 euer WELT-Team.<br \/>\nVideo 2026 erstellt<\/p>\n","protected":false},"excerpt":{"rendered":"AFD UND DDR-HYMNE: \u201eEs ist ein Schielen auf W\u00e4hlerstimmen von Ostalgikern!\u201c \u2013 Historiker ordnet ein! AFD UND DDR-HYMNE:&hellip;\n","protected":false},"author":2,"featured_media":61607,"comment_status":"","ping_status":"","sticky":false,"template":"","format":"standard","meta":{"footnotes":"","_share_on_mastodon":"0"},"categories":[5],"tags":[95,2960,87,52947,13179,2962,10357,19847,52620,117,93,52951,52950,1064,89,90,94,31,52948,19776,164,20991,46870,11794,11838,92,91,9235,88,15822,129,52949,52952],"class_list":["post-61606","post","type-post","status-publish","format-standard","has-post-thumbnail","category-welt-news","tag-95","tag-afd","tag-aktuell","tag-auferstanden-aus-ruinen","tag-bjorn-hocke","tag-bsw","tag-bundestagswahl","tag-ddr","tag-ddr-hymne","tag-deutschland","tag-fernsehen","tag-hanns-eisler","tag-johannes-r-becher","tag-merz","tag-n24","tag-nachrichten","tag-nachrichten-aktuell","tag-news","tag-ostalgie","tag-ostdeutschland","tag-politik","tag-sahra-wagenknecht","tag-sed","tag-sven-felix-kellerhoff","tag-tino-chrupalla","tag-tv","tag-video","tag-wahlkampf","tag-welt","tag-welt-interview","tag-welt-news","tag-wilhelm-pieck","tag-zeitgeschichte"],"share_on_mastodon":{"url":"https:\/\/pubeurope.com\/@videos\/116927881686751227","error":""},"_links":{"self":[{"href":"https:\/\/www.europesays.com\/videos\/wp-json\/wp\/v2\/posts\/61606","targetHints":{"allow":["GET"]}}],"collection":[{"href":"https:\/\/www.europesays.com\/videos\/wp-json\/wp\/v2\/posts"}],"about":[{"href":"https:\/\/www.europesays.com\/videos\/wp-json\/wp\/v2\/types\/post"}],"author":[{"embeddable":true,"href":"https:\/\/www.europesays.com\/videos\/wp-json\/wp\/v2\/users\/2"}],"replies":[{"embeddable":true,"href":"https:\/\/www.europesays.com\/videos\/wp-json\/wp\/v2\/comments?post=61606"}],"version-history":[{"count":0,"href":"https:\/\/www.europesays.com\/videos\/wp-json\/wp\/v2\/posts\/61606\/revisions"}],"wp:featuredmedia":[{"embeddable":true,"href":"https:\/\/www.europesays.com\/videos\/wp-json\/wp\/v2\/media\/61607"}],"wp:attachment":[{"href":"https:\/\/www.europesays.com\/videos\/wp-json\/wp\/v2\/media?parent=61606"}],"wp:term":[{"taxonomy":"category","embeddable":true,"href":"https:\/\/www.europesays.com\/videos\/wp-json\/wp\/v2\/categories?post=61606"},{"taxonomy":"post_tag","embeddable":true,"href":"https:\/\/www.europesays.com\/videos\/wp-json\/wp\/v2\/tags?post=61606"}],"curies":[{"name":"wp","href":"https:\/\/api.w.org\/{rel}","templated":true}]}}