{"id":71401,"date":"2026-08-03T16:15:09","date_gmt":"2026-08-03T16:15:09","guid":{"rendered":"https:\/\/www.europesays.com\/videos\/71401\/"},"modified":"2026-08-03T16:15:09","modified_gmt":"2026-08-03T16:15:09","slug":"rentenreform-union-streitet-uber-altersvorsorge-bela-anda-warnt-vor-heftigem-wahlkampf","status":"publish","type":"post","link":"https:\/\/www.europesays.com\/videos\/71401\/","title":{"rendered":"RENTENREFORM: Union streitet \u00fcber Altersvorsorge \u2013 B\u00e9la Anda warnt vor heftigem Wahlkampf"},"content":{"rendered":"<p><iframe loading=\"lazy\" title = \"RENTENREFORM: Union streitet \u00fcber Altersvorsorge \u2013 B\u00e9la Anda warnt vor heftigem Wahlkampf\"   width=\"580\" height=\"385\" src=\"https:\/\/www.youtube.com\/embed\/rKcKGe6XEmE\" frameborder=\"0\" allowfullscreen><\/iframe><br \/>\n<br \/>\nRENTENREFORM: Union streitet \u00fcber Altersvorsorge \u2013 B\u00e9la Anda warnt vor heftigem Wahlkampf<br \/>\n<br \/>\nRENTENREFORM DEUTSCHLAND: Union streitet \u00fcber Rente \u2013 B\u00e9la Anda warnt vor heftigem Wahlkampf!<\/p>\n<p>B\u00e9la Anda, Experte f\u00fcr politische Kommunikation und ehemaliger Regierungssprecher von Altkanzler Gerhard Schr\u00f6der, spricht \u00fcber den Streit um die Rentenreform. Im Mittelpunkt stehen Forderungen von CDU-Ministerpr\u00e4sidenten, das Rentenpaket erneut zu \u00f6ffnen. Anda bezeichnet die Debatte als Wahlkampf. Er verweist darauf, dass viele Menschen die abschlagsfreie Rente nach 45 Beitragsjahren behalten wollen. Nach seinen Angaben nutzen j\u00e4hrlich rund 250.000 Menschen diese Regelung. Anda sagt au\u00dferdem, Bundeskanzler Friedrich Merz habe kein Interesse an einer l\u00e4ngeren Debatte. Er verweist auf unterschiedliche Positionen innerhalb der CDU sowie auf Reaktionen der SPD. Genannt werden Manuela Schwesig, Tim Kl\u00fcssendorf, B\u00e4rbel Bas, Torsten Frei und Markus S\u00f6der. Nach Anda handelt es sich auf beiden Seiten um taktische \u00dcberlegungen im laufenden Wahlkampf. Die Debatte um die Rentenreform dauert an.<\/p>\n<p>#rentenreform #rentenpaket #union #weltnachrichtensender <\/p>\n<p>\ud83d\udd14 Abonniere unseren WELT-TV News-Channel! https:\/\/www.youtube.com\/WELTVideoTV<\/p>\n<p>Unsere YouTube-Kan\u00e4le:<br \/>\n\ud83d\udcfa WELT DOKU https:\/\/www.youtube.com\/@WELTDoku<br \/>\n\u26bd WELT SPORT https:\/\/www.youtube.com\/@welt-sport<br \/>\n\ud83d\ude80 WELT SPACE https:\/\/www.youtube.com\/@weltspace<br \/>\n\ud83d\udee3\ufe0f WELT DRIVE http:\/\/www.youtube.com\/@WELTDrive<br \/>\n\ud83e\ude96 WELT HISTORY http:\/\/www.youtube.com\/@WELTHistory<br \/>\n\ud83c\udf5d WELT FOOD https:\/\/www.youtube.com\/@welt.food-rezepte<\/p>\n<p>WELT Nachrichten im Livestream http:\/\/bit.ly\/2fwuMPg<br \/>\nUnsere Top-Nachrichten auf WELT.de http:\/\/bit.ly\/2rQQD9Q<br \/>\nUnsere Mediathek auf WELT.de http:\/\/bit.ly\/2Iydxv8<br \/>\nWELT TV auf Instagram https:\/\/www.instagram.com\/welt.nachrichtensender\/<br \/>\nWELT auf Instagram https:\/\/www.instagram.com\/welt\/<\/p>\n<p>Aufgrund vieler beleidigender Beitr\u00e4ge sind Kommentare derzeit nicht m\u00f6glich.<br \/>\nDanke f\u00fcr euer Verst\u00e4ndnis \u2013 euer WELT-Team.<br \/>\nVideo 2026 erstellt<\/p>\n","protected":false},"excerpt":{"rendered":"RENTENREFORM: Union streitet \u00fcber Altersvorsorge \u2013 B\u00e9la Anda warnt vor heftigem Wahlkampf RENTENREFORM DEUTSCHLAND: Union streitet \u00fcber Rente&hellip;\n","protected":false},"author":2,"featured_media":71402,"comment_status":"","ping_status":"","sticky":false,"template":"","format":"standard","meta":{"footnotes":"","_share_on_mastodon":"0"},"categories":[5],"tags":[95,87,30706,11698,44438,7930,59216,7140,1992,551,59217,93,2849,24145,1944,3933,41685,89,90,94,31,19776,6294,43831,14740,161,44906,22098,92,4204,7891,91,19149,9235,88,129],"class_list":["post-71401","post","type-post","status-publish","format-standard","has-post-thumbnail","category-welt-news","tag-95","tag-aktuell","tag-arbeitsministerin","tag-barbel-bas","tag-beitragsjahre","tag-bela-anda","tag-bestandsschutz","tag-bundeskanzler","tag-bundesregierung","tag-cdu","tag-cdu-abgeordnete","tag-fernsehen","tag-friedrich-merz","tag-gerhard-schroder","tag-manuela-schwesig","tag-markus-soder","tag-ministerprasidenten","tag-n24","tag-nachrichten","tag-nachrichten-aktuell","tag-news","tag-ostdeutschland","tag-rente","tag-rentenpaket","tag-rentenreform","tag-spd","tag-tim-klussendorf","tag-torsten-frei","tag-tv","tag-union","tag-urlaub","tag-video","tag-vizekanzler","tag-wahlkampf","tag-welt","tag-welt-news"],"share_on_mastodon":{"url":"","error":"Validation failed: Text character limit of 500 exceeded"},"_links":{"self":[{"href":"https:\/\/www.europesays.com\/videos\/wp-json\/wp\/v2\/posts\/71401","targetHints":{"allow":["GET"]}}],"collection":[{"href":"https:\/\/www.europesays.com\/videos\/wp-json\/wp\/v2\/posts"}],"about":[{"href":"https:\/\/www.europesays.com\/videos\/wp-json\/wp\/v2\/types\/post"}],"author":[{"embeddable":true,"href":"https:\/\/www.europesays.com\/videos\/wp-json\/wp\/v2\/users\/2"}],"replies":[{"embeddable":true,"href":"https:\/\/www.europesays.com\/videos\/wp-json\/wp\/v2\/comments?post=71401"}],"version-history":[{"count":0,"href":"https:\/\/www.europesays.com\/videos\/wp-json\/wp\/v2\/posts\/71401\/revisions"}],"wp:featuredmedia":[{"embeddable":true,"href":"https:\/\/www.europesays.com\/videos\/wp-json\/wp\/v2\/media\/71402"}],"wp:attachment":[{"href":"https:\/\/www.europesays.com\/videos\/wp-json\/wp\/v2\/media?parent=71401"}],"wp:term":[{"taxonomy":"category","embeddable":true,"href":"https:\/\/www.europesays.com\/videos\/wp-json\/wp\/v2\/categories?post=71401"},{"taxonomy":"post_tag","embeddable":true,"href":"https:\/\/www.europesays.com\/videos\/wp-json\/wp\/v2\/tags?post=71401"}],"curies":[{"name":"wp","href":"https:\/\/api.w.org\/{rel}","templated":true}]}}