{"id":82003,"date":"2026-08-24T21:00:08","date_gmt":"2026-08-24T21:00:08","guid":{"rendered":"https:\/\/www.europesays.com\/videos\/82003\/"},"modified":"2026-08-24T21:00:08","modified_gmt":"2026-08-24T21:00:08","slug":"merz-muss-liefern-afd-auf-dem-vormarsch-reformstau-und-koalitionsstreit-werden-zur-zerreisprobe","status":"publish","type":"post","link":"https:\/\/www.europesays.com\/videos\/82003\/","title":{"rendered":"MERZ MUSS LIEFERN: AfD auf dem Vormarsch! Reformstau und Koalitionsstreit werden zur Zerrei\u00dfprobe!"},"content":{"rendered":"<p><iframe loading=\"lazy\" title = \"MERZ MUSS LIEFERN: AfD auf dem Vormarsch! Reformstau und Koalitionsstreit werden zur Zerrei\u00dfprobe!\"   width=\"580\" height=\"385\" src=\"https:\/\/www.youtube.com\/embed\/AbnY02fW_0A\" frameborder=\"0\" allowfullscreen><\/iframe><br \/>\n<br \/>\nMERZ MUSS LIEFERN: AfD auf dem Vormarsch! Reformstau und Koalitionsstreit werden zur Zerrei\u00dfprobe!<br \/>\n<br \/>\nMERZ MUSS LIEFERN: AfD auf dem Vormarsch! Reformstau und Koalitionsstreit werden zur Zerrei\u00dfprobe!<\/p>\n<p>Nach der Sommerpause steht Bundeskanzler Friedrich Merz vor schwierigen politischen Wochen. Bei einer Kabinettsklausur in Meseberg sollen die Reformvorhaben der Bundesregierung vorangetrieben werden, insbesondere in den Bereichen Wirtschaft, Wachstum und Besch\u00e4ftigung. Gleichzeitig sorgen Streitigkeiten innerhalb der Koalition und die starken Umfragewerte der AfD f\u00fcr zus\u00e4tzlichen Druck auf die Union.<\/p>\n<p>#friedrichmerz #merz #bundeskanzler #bundesregierung #cdu #weltnachrichtensender <\/p>\n<p>\ud83d\udd14 Abonniere unseren WELT-TV News-Channel! https:\/\/www.youtube.com\/WELTVideoTV<\/p>\n<p>Unsere YouTube-Kan\u00e4le:<br \/>\n\ud83d\udcfa WELT DOKU https:\/\/www.youtube.com\/@WELTDoku<br \/>\n\u26bd WELT SPORT https:\/\/www.youtube.com\/@welt-sport<br \/>\n\ud83d\ude80 WELT SPACE https:\/\/www.youtube.com\/@weltspace<br \/>\n\ud83d\udee3\ufe0f WELT DRIVE http:\/\/www.youtube.com\/@WELTDrive<br \/>\n\ud83e\ude96 WELT HISTORY http:\/\/www.youtube.com\/@WELTHistory<br \/>\n\ud83c\udf5d WELT FOOD https:\/\/www.youtube.com\/@welt.food-rezepte<\/p>\n<p>WELT Nachrichten im Livestream http:\/\/bit.ly\/2fwuMPg<br \/>\nUnsere Top-Nachrichten auf WELT.de http:\/\/bit.ly\/2rQQD9Q<br \/>\nUnsere Mediathek auf WELT.de http:\/\/bit.ly\/2Iydxv8<br \/>\nWELT TV auf Instagram https:\/\/www.instagram.com\/welt.nachrichtensender\/<br \/>\nWELT auf Instagram https:\/\/www.instagram.com\/welt\/<\/p>\n<p>Aufgrund vieler beleidigender Beitr\u00e4ge sind Kommentare derzeit nicht m\u00f6glich.<br \/>\nDanke f\u00fcr euer Verst\u00e4ndnis \u2013 euer WELT-Team.<br \/>\nVideo 2026 erstellt<\/p>\n","protected":false},"excerpt":{"rendered":"MERZ MUSS LIEFERN: AfD auf dem Vormarsch! Reformstau und Koalitionsstreit werden zur Zerrei\u00dfprobe! MERZ MUSS LIEFERN: AfD auf&hellip;\n","protected":false},"author":2,"featured_media":82004,"comment_status":"","ping_status":"","sticky":false,"template":"","format":"standard","meta":{"footnotes":"","_share_on_mastodon":"0"},"categories":[5],"tags":[95,2960,87,7140,1992,551,117,93,2849,64305,6293,1950,89,90,94,31,164,1338,20516,9137,161,92,91,88,129],"class_list":["post-82003","post","type-post","status-publish","format-standard","has-post-thumbnail","category-welt-news","tag-95","tag-afd","tag-aktuell","tag-bundeskanzler","tag-bundesregierung","tag-cdu","tag-deutschland","tag-fernsehen","tag-friedrich-merz","tag-kabinettsklausur","tag-koalition","tag-landtagswahl","tag-n24","tag-nachrichten","tag-nachrichten-aktuell","tag-news","tag-politik","tag-reformen","tag-reformstau","tag-sachsen-anhalt","tag-spd","tag-tv","tag-video","tag-welt","tag-welt-news"],"share_on_mastodon":{"url":"https:\/\/pubeurope.com\/@videos\/117152514229620550","error":""},"_links":{"self":[{"href":"https:\/\/www.europesays.com\/videos\/wp-json\/wp\/v2\/posts\/82003","targetHints":{"allow":["GET"]}}],"collection":[{"href":"https:\/\/www.europesays.com\/videos\/wp-json\/wp\/v2\/posts"}],"about":[{"href":"https:\/\/www.europesays.com\/videos\/wp-json\/wp\/v2\/types\/post"}],"author":[{"embeddable":true,"href":"https:\/\/www.europesays.com\/videos\/wp-json\/wp\/v2\/users\/2"}],"replies":[{"embeddable":true,"href":"https:\/\/www.europesays.com\/videos\/wp-json\/wp\/v2\/comments?post=82003"}],"version-history":[{"count":0,"href":"https:\/\/www.europesays.com\/videos\/wp-json\/wp\/v2\/posts\/82003\/revisions"}],"wp:featuredmedia":[{"embeddable":true,"href":"https:\/\/www.europesays.com\/videos\/wp-json\/wp\/v2\/media\/82004"}],"wp:attachment":[{"href":"https:\/\/www.europesays.com\/videos\/wp-json\/wp\/v2\/media?parent=82003"}],"wp:term":[{"taxonomy":"category","embeddable":true,"href":"https:\/\/www.europesays.com\/videos\/wp-json\/wp\/v2\/categories?post=82003"},{"taxonomy":"post_tag","embeddable":true,"href":"https:\/\/www.europesays.com\/videos\/wp-json\/wp\/v2\/tags?post=82003"}],"curies":[{"name":"wp","href":"https:\/\/api.w.org\/{rel}","templated":true}]}}