{"id":84486,"date":"2026-08-28T21:30:09","date_gmt":"2026-08-28T21:30:09","guid":{"rendered":"https:\/\/www.europesays.com\/videos\/84486\/"},"modified":"2026-08-28T21:30:09","modified_gmt":"2026-08-28T21:30:09","slug":"island-referendum-eu-beitrittsverhandlungen-vor-comeback-so-knapp-ist-das-rennen","status":"publish","type":"post","link":"https:\/\/www.europesays.com\/videos\/84486\/","title":{"rendered":"ISLAND-REFERENDUM: EU-Beitrittsverhandlungen vor Comeback? So knapp ist das Rennen"},"content":{"rendered":"<p><iframe loading=\"lazy\" title = \"ISLAND-REFERENDUM: EU-Beitrittsverhandlungen vor Comeback? So knapp ist das Rennen\"   width=\"580\" height=\"385\" src=\"https:\/\/www.youtube.com\/embed\/IrGTBZcEWF0\" frameborder=\"0\" allowfullscreen><\/iframe><br \/>\n<br \/>\nISLAND-REFERENDUM: EU-Beitrittsverhandlungen vor Comeback? So knapp ist das Rennen<br \/>\n<br \/>\nISLAND-REFERENDUM: EU-Beitrittsverhandlungen vor Comeback? So knapp ist das Rennen<\/p>\n<p>Island entscheidet in einem Referendum \u00fcber die Wiederaufnahme von EU-Beitrittsverhandlungen. Kurz vor der Abstimmung werben Bef\u00fcrworter und Gegner in Reykjav\u00edk um jede Stimme. Laut aktueller Umfrage liegt das Ja-Lager knapp vorn. Als Argument f\u00fcr neue Gespr\u00e4che nennen Bef\u00fcrworter die ver\u00e4nderte geopolitische Lage. Umstritten bleibt vor allem die Fischerei. Ein Ja w\u00fcrde zun\u00e4chst lediglich neue Verhandlungen erm\u00f6glichen. \u00dcber einen tats\u00e4chlichen EU-Beitritt m\u00fcssten die Isl\u00e4nder sp\u00e4ter in einem weiteren Referendum entscheiden.<\/p>\n<p>#island #eu #referendum #weltnachrichtensender <\/p>\n<p>\ud83d\udd14 Abonniere unseren WELT-TV News-Channel! https:\/\/www.youtube.com\/WELTVideoTV<\/p>\n<p>Unsere YouTube-Kan\u00e4le:<br \/>\n\ud83d\udcfa WELT DOKU https:\/\/www.youtube.com\/@WELTDoku<br \/>\n\u26bd WELT SPORT https:\/\/www.youtube.com\/@welt-sport<br \/>\n\ud83d\ude80 WELT SPACE https:\/\/www.youtube.com\/@weltspace<br \/>\n\ud83d\udee3\ufe0f WELT DRIVE http:\/\/www.youtube.com\/@WELTDrive<br \/>\n\ud83e\ude96 WELT HISTORY http:\/\/www.youtube.com\/@WELTHistory<br \/>\n\ud83c\udf5d WELT FOOD https:\/\/www.youtube.com\/@welt.food-rezepte<\/p>\n<p>WELT Nachrichten im Livestream http:\/\/bit.ly\/2fwuMPg<br \/>\nUnsere Top-Nachrichten auf WELT.de http:\/\/bit.ly\/2rQQD9Q<br \/>\nUnsere Mediathek auf WELT.de http:\/\/bit.ly\/2Iydxv8<br \/>\nWELT TV auf Instagram https:\/\/www.instagram.com\/welt.nachrichtensender\/<br \/>\nWELT auf Instagram https:\/\/www.instagram.com\/welt\/<\/p>\n<p>Aufgrund vieler beleidigender Beitr\u00e4ge sind Kommentare derzeit nicht m\u00f6glich.<br \/>\nDanke f\u00fcr euer Verst\u00e4ndnis \u2013 euer WELT-Team.<br \/>\nVideo 2026 erstellt<\/p>\n","protected":false},"excerpt":{"rendered":"ISLAND-REFERENDUM: EU-Beitrittsverhandlungen vor Comeback? So knapp ist das Rennen ISLAND-REFERENDUM: EU-Beitrittsverhandlungen vor Comeback? So knapp ist das Rennen&hellip;\n","protected":false},"author":2,"featured_media":84487,"comment_status":"","ping_status":"","sticky":false,"template":"","format":"standard","meta":{"footnotes":"","_share_on_mastodon":"0"},"categories":[5],"tags":[95,19532,87,37687,641,1951,42445,3628,5835,633,5034,93,42484,142,18933,68265,68266,89,90,94,31,23507,22790,62700,92,11338,6323,91,41759,88,129],"class_list":["post-84486","post","type-post","status-publish","format-standard","has-post-thumbnail","category-welt-news","tag-95","tag-abstimmung","tag-aktuell","tag-beitrittsverhandlungen","tag-brussel","tag-demokratie","tag-erweiterung","tag-eu","tag-eu-politik","tag-europa","tag-europaische-union","tag-fernsehen","tag-fischerei","tag-geopolitik","tag-island","tag-islander","tag-mitgliedschaft","tag-n24","tag-nachrichten","tag-nachrichten-aktuell","tag-news","tag-nordatlantik","tag-referendum","tag-reykjavik","tag-tv","tag-umfrage","tag-verhandlungen","tag-video","tag-volksabstimmung","tag-welt","tag-welt-news"],"share_on_mastodon":{"url":"https:\/\/pubeurope.com\/@videos\/117175309145355739","error":""},"_links":{"self":[{"href":"https:\/\/www.europesays.com\/videos\/wp-json\/wp\/v2\/posts\/84486","targetHints":{"allow":["GET"]}}],"collection":[{"href":"https:\/\/www.europesays.com\/videos\/wp-json\/wp\/v2\/posts"}],"about":[{"href":"https:\/\/www.europesays.com\/videos\/wp-json\/wp\/v2\/types\/post"}],"author":[{"embeddable":true,"href":"https:\/\/www.europesays.com\/videos\/wp-json\/wp\/v2\/users\/2"}],"replies":[{"embeddable":true,"href":"https:\/\/www.europesays.com\/videos\/wp-json\/wp\/v2\/comments?post=84486"}],"version-history":[{"count":0,"href":"https:\/\/www.europesays.com\/videos\/wp-json\/wp\/v2\/posts\/84486\/revisions"}],"wp:featuredmedia":[{"embeddable":true,"href":"https:\/\/www.europesays.com\/videos\/wp-json\/wp\/v2\/media\/84487"}],"wp:attachment":[{"href":"https:\/\/www.europesays.com\/videos\/wp-json\/wp\/v2\/media?parent=84486"}],"wp:term":[{"taxonomy":"category","embeddable":true,"href":"https:\/\/www.europesays.com\/videos\/wp-json\/wp\/v2\/categories?post=84486"},{"taxonomy":"post_tag","embeddable":true,"href":"https:\/\/www.europesays.com\/videos\/wp-json\/wp\/v2\/tags?post=84486"}],"curies":[{"name":"wp","href":"https:\/\/api.w.org\/{rel}","templated":true}]}}