{"id":85713,"date":"2026-09-01T07:00:30","date_gmt":"2026-09-01T07:00:30","guid":{"rendered":"https:\/\/www.europesays.com\/videos\/85713\/"},"modified":"2026-09-01T07:00:30","modified_gmt":"2026-09-01T07:00:30","slug":"new-york-frau-sticht-am-times-square-auf-passenten-ein-eine-tote","status":"publish","type":"post","link":"https:\/\/www.europesays.com\/videos\/85713\/","title":{"rendered":"NEW YORK: Frau sticht am Times Square auf Passenten ein! Eine Tote"},"content":{"rendered":"<p><iframe loading=\"lazy\" title = \"NEW YORK: Frau sticht am Times Square auf Passenten ein! Eine Tote\"   width=\"580\" height=\"385\" src=\"https:\/\/www.youtube.com\/embed\/gJBSCXUJiGg\" frameborder=\"0\" allowfullscreen><\/iframe><br \/>\n<br \/>\nNEW YORK: Frau sticht am Times Square auf Passenten ein! Eine Tote<br \/>\n<br \/>\nNEW YORK: Frau sticht am Times Square auf Passenten ein! Eine Tote<\/p>\n<p>Schock am Times Square in New York: Eine 49-j\u00e4hrige Frau greift mit zwei K\u00fcchenmessern mehrere Menschen an. Eine 32-J\u00e4hrige stirbt bei der Attacke, ein 68-j\u00e4hriger Mann wird verletzt. Polizisten stellen die Angreiferin in der N\u00e4he einer Polizeiwache. Nachdem ein Taser-Einsatz offenbar keine Wirkung zeigt, schie\u00dfen die Beamten auf die Frau. Sie stirbt sp\u00e4ter im Krankenhaus. Das Motiv der Tat ist bislang unklar. Nach Angaben der Polizei gibt es derzeit keine Hinweise auf einen terroristischen Hintergrund.<\/p>\n<p>#weltnachrichtensender #timessquare #messerangriff <\/p>\n<p>\ud83d\udd14 Abonniere unseren WELT-TV News-Channel! https:\/\/www.youtube.com\/WELTVideoTV<\/p>\n<p>Unsere YouTube-Kan\u00e4le:<br \/>\n\ud83d\udcfa WELT DOKU https:\/\/www.youtube.com\/@WELTDoku<br \/>\n\u26bd WELT SPORT https:\/\/www.youtube.com\/@welt-sport<br \/>\n\ud83d\ude80 WELT SPACE https:\/\/www.youtube.com\/@weltspace<br \/>\n\ud83d\udee3\ufe0f WELT DRIVE http:\/\/www.youtube.com\/@WELTDrive<br \/>\n\ud83e\ude96 WELT HISTORY http:\/\/www.youtube.com\/@WELTHistory<br \/>\n\ud83c\udf5d WELT FOOD https:\/\/www.youtube.com\/@welt.food-rezepte<\/p>\n<p>WELT Nachrichten im Livestream http:\/\/bit.ly\/2fwuMPg<br \/>\nUnsere Top-Nachrichten auf WELT.de http:\/\/bit.ly\/2rQQD9Q<br \/>\nUnsere Mediathek auf WELT.de http:\/\/bit.ly\/2Iydxv8<br \/>\nWELT TV auf Instagram https:\/\/www.instagram.com\/welt.nachrichtensender\/<br \/>\nWELT auf Instagram https:\/\/www.instagram.com\/welt\/<\/p>\n<p>Aufgrund vieler beleidigender Beitr\u00e4ge sind Kommentare derzeit nicht m\u00f6glich.<br \/>\nDanke f\u00fcr euer Verst\u00e4ndnis \u2013 euer WELT-Team.<br \/>\nVideo 2026 erstellt<\/p>\n","protected":false},"excerpt":{"rendered":"NEW YORK: Frau sticht am Times Square auf Passenten ein! Eine Tote NEW YORK: Frau sticht am Times&hellip;\n","protected":false},"author":2,"featured_media":85714,"comment_status":"","ping_status":"","sticky":false,"template":"","format":"standard","meta":{"footnotes":"","_share_on_mastodon":"0"},"categories":[5],"tags":[95,87,236,93,12532,5269,4147,1714,12372,16221,3808,5564,89,90,94,2691,68928,31,4090,1706,7843,982,7572,68927,589,4193,41001,92,44,5992,11651,10828,91,88,6697,129],"class_list":["post-85713","post","type-post","status-publish","format-standard","has-post-thumbnail","category-welt-news","tag-95","tag-aktuell","tag-breaking-news","tag-fernsehen","tag-gewalttat","tag-krankenhaus","tag-kriminalfall","tag-kriminalitat","tag-kriminalpolizei","tag-manhattan","tag-messerangriff","tag-messerattacke","tag-n24","tag-nachrichten","tag-nachrichten-aktuell","tag-new-york","tag-new-york-aktuell","tag-news","tag-opfer","tag-polizei","tag-polizeieinsatz","tag-sicherheit","tag-taser","tag-taterin","tag-terror","tag-terrorismus","tag-times-square","tag-tv","tag-usa","tag-usa-aktuell","tag-usa-nachrichten","tag-vereinigte-staaten","tag-video","tag-welt","tag-welt-nachrichten","tag-welt-news"],"share_on_mastodon":{"url":"https:\/\/pubeurope.com\/@videos\/117194517682598336","error":""},"_links":{"self":[{"href":"https:\/\/www.europesays.com\/videos\/wp-json\/wp\/v2\/posts\/85713","targetHints":{"allow":["GET"]}}],"collection":[{"href":"https:\/\/www.europesays.com\/videos\/wp-json\/wp\/v2\/posts"}],"about":[{"href":"https:\/\/www.europesays.com\/videos\/wp-json\/wp\/v2\/types\/post"}],"author":[{"embeddable":true,"href":"https:\/\/www.europesays.com\/videos\/wp-json\/wp\/v2\/users\/2"}],"replies":[{"embeddable":true,"href":"https:\/\/www.europesays.com\/videos\/wp-json\/wp\/v2\/comments?post=85713"}],"version-history":[{"count":0,"href":"https:\/\/www.europesays.com\/videos\/wp-json\/wp\/v2\/posts\/85713\/revisions"}],"wp:featuredmedia":[{"embeddable":true,"href":"https:\/\/www.europesays.com\/videos\/wp-json\/wp\/v2\/media\/85714"}],"wp:attachment":[{"href":"https:\/\/www.europesays.com\/videos\/wp-json\/wp\/v2\/media?parent=85713"}],"wp:term":[{"taxonomy":"category","embeddable":true,"href":"https:\/\/www.europesays.com\/videos\/wp-json\/wp\/v2\/categories?post=85713"},{"taxonomy":"post_tag","embeddable":true,"href":"https:\/\/www.europesays.com\/videos\/wp-json\/wp\/v2\/tags?post=85713"}],"curies":[{"name":"wp","href":"https:\/\/api.w.org\/{rel}","templated":true}]}}